{"id":10192,"date":"2021-03-05T17:49:00","date_gmt":"2021-03-05T14:49:00","guid":{"rendered":"https:\/\/www.enka.com\/sustainability\/word-wildlife-day\/"},"modified":"2021-03-05T17:55:52","modified_gmt":"2021-03-05T14:55:52","slug":"dunya-yaban-hayati-koruma-gunu","status":"publish","type":"post","link":"https:\/\/www.enka.com\/sustainability\/tr\/dunya-yaban-hayati-koruma-gunu\/","title":{"rendered":"D\u00fcnya Yaban Hayat\u0131 Koruma G\u00fcn\u00fc"},"content":{"rendered":"<p style=\"text-align: justify;\"><div class=\"clearfix\" style=\"height: 15px\"><\/div>ENKA olarak, Birle\u015fmi\u015f Milletler taraf\u0131ndan her y\u0131l 3 Mart tarihinde kutlanan ve bu y\u0131l\u0131n temas\u0131n\u0131n \u201c<strong>Ormanlar ve Tar\u0131msal Ge\u00e7im Kayna\u011f\u0131: \u0130nsan\u0131n ve Gezegenin S\u00fcrd\u00fcr\u00fclmesi<\/strong>\u201d oldu\u011fu <strong>D\u00fcnya Yaban Hayat\u0131 Koruma G\u00fcn\u00fcn\u00fc<\/strong> \u00c7evre ve S\u00fcrd\u00fcr\u00fclebilirilk Politikalar\u0131m\u0131z\u0131n \u0131\u015f\u0131\u011f\u0131nda \u00e7evreyi ve do\u011fal hayat\u0131 korumaya verdi\u011fimiz taahh\u00fcd\u00fcm\u00fcz ile kutluyoruz. Bu kapsamda \u00e7al\u0131\u015ft\u0131\u011f\u0131m\u0131z bir \u00e7ok co\u011frafyada 10 binlerce fidan dikimi ger\u00e7ekle\u015ftirdik, 2020 y\u0131l\u0131nda S\u0131rbistan\u2019daki projemizde bir su salyangozu t\u00fcr\u00fc olan Theodoxus transversalis i\u00e7in E-DNA \u00e7al\u0131\u015fmas\u0131 yapt\u0131k, T\u00fcrkiye\u2019de ger\u00e7ekle\u015ftirdi\u011fimiz projemizde endemik bir t\u00fcr olan Tanacetum erzincanense bitkisine ait 500 adet ferdi korumaya ald\u0131k ve \u00e7al\u0131\u015fma sahas\u0131nda ya\u015fayan anadolu yer sincab\u0131 olarak bilinen Spermophilus Xanthophrymnus t\u00fcr\u00fcne ait yuvalar\u0131n korunmas\u0131na y\u00f6nelik \u00e7al\u0131\u015fmalar ger\u00e7ekle\u015ftirdik, G\u00fcrcistan\u2019da yap\u0131m\u0131 devam etmekte olan baraj in\u015faat\u0131m\u0131zda ise biyo\u00e7e\u015fitlili\u011fi korumak ad\u0131na bal\u0131k say\u0131lar\u0131n\u0131n ve t\u00fcrlerinin tespit edildi\u011fi biyok\u00fctlesi \u00e7al\u0131\u015fmas\u0131 tamamlad\u0131k. Politikalar\u0131m\u0131z ve taahh\u00fcd\u00fcm\u00fcz gere\u011fi t\u00fcm projelerimizde yaban hayat\u0131n\u0131 ve \u00e7evreyi korumaya devam edece\u011fiz.<\/p>\n","protected":false},"excerpt":{"rendered":"<p>ENKA olarak, Birle\u015fmi\u015f Milletler taraf\u0131ndan her y\u0131l 3 Mart tarihinde kutlanan ve bu y\u0131l\u0131n temas\u0131n\u0131n \u201cOrmanlar ve Tar\u0131msal Ge\u00e7im Kayna\u011f\u0131: \u0130nsan\u0131n ve Gezegenin S\u00fcrd\u00fcr\u00fclmesi\u201d oldu\u011fu D\u00fcnya Yaban Hayat\u0131 Koruma G\u00fcn\u00fcn\u00fc \u00c7evre ve S\u00fcrd\u00fcr\u00fclebilirilk Politikalar\u0131m\u0131z\u0131n \u0131\u015f\u0131\u011f\u0131nda \u00e7evreyi ve do\u011fal hayat\u0131 korumaya verdi\u011fimiz taahh\u00fcd\u00fcm\u00fcz ile kutluyoruz. Bu kapsamda \u00e7al\u0131\u015ft\u0131\u011f\u0131m\u0131z bir \u00e7ok co\u011frafyada 10 binlerce fidan dikimi ger\u00e7ekle\u015ftirdik, <a class=\"more-link\" href=\"https:\/\/www.enka.com\/sustainability\/tr\/dunya-yaban-hayati-koruma-gunu\/\">Continue reading <i class=\"fa fa-chevron-right\"><\/i><\/a><\/p>\n","protected":false},"author":1,"featured_media":10185,"comment_status":"closed","ping_status":"closed","sticky":false,"template":"","format":"standard","meta":{"_acf_changed":false,"rs_blank_template":"","rs_page_bg_color":"","slide_template_v7":"","inline_featured_image":false,"footnotes":""},"categories":[29],"tags":[2310,1902,2346,2244,2347],"class_list":["post-10192","post","type-post","status-publish","format-standard","has-post-thumbnail","hentry","category-cevresel-etkiyi-azaltmak","tag-enkasurdurulebilirlik-2-tr","tag-enkasustainability-tr","tag-forestpeopleplanet-tr","tag-worldwildlifeday-tr","tag-wwd2021-tr"],"aioseo_notices":[],"aioseo_head":"\n\t\t<!-- All in One SEO 5.0.1.1 - aioseo.com -->\n\t<meta name=\"description\" content=\"ENKA olarak, Birle\u015fmi\u015f Milletler taraf\u0131ndan her y\u0131l 3 Mart tarihinde kutlanan ve bu y\u0131l\u0131n temas\u0131n\u0131n \u201cOrmanlar ve Tar\u0131msal Ge\u00e7im Kayna\u011f\u0131: \u0130nsan\u0131n ve Gezegenin S\u00fcrd\u00fcr\u00fclmesi\u201d oldu\u011fu D\u00fcnya Yaban Hayat\u0131 Koruma G\u00fcn\u00fcn\u00fc \u00c7evre ve S\u00fcrd\u00fcr\u00fclebilirilk Politikalar\u0131m\u0131z\u0131n \u0131\u015f\u0131\u011f\u0131nda \u00e7evreyi ve do\u011fal hayat\u0131 korumaya verdi\u011fimiz taahh\u00fcd\u00fcm\u00fcz ile kutluyoruz.ENKA olarak, Birle\u015fmi\u015f Milletler taraf\u0131ndan her y\u0131l 3 Mart tarihinde kutlanan ve bu y\u0131l\u0131n temas\u0131n\u0131n \u201cOrmanlar ve Tar\u0131msal Ge\u00e7im Kayna\u011f\u0131: \u0130nsan\u0131n ve Gezegenin S\u00fcrd\u00fcr\u00fclmesi\u201d oldu\u011fu D\u00fcnya Yaban Hayat\u0131 Koruma G\u00fcn\u00fcn\u00fc \u00c7evre ve S\u00fcrd\u00fcr\u00fclebilirilk Politikalar\u0131m\u0131z\u0131n \u0131\u015f\u0131\u011f\u0131nda \u00e7evreyi ve do\u011fal hayat\u0131 korumaya verdi\u011fimiz taahh\u00fcd\u00fcm\u00fcz ile kutluyoruz. Bu kapsamda \u00e7al\u0131\u015ft\u0131\u011f\u0131m\u0131z bir \u00e7ok co\u011frafyada 10 binlerce fidan dikimi ger\u00e7ekle\u015ftirdik,\" \/>\n\t<meta name=\"robots\" content=\"max-image-preview:large\" \/>\n\t<meta name=\"author\" content=\"admin\"\/>\n\t<meta name=\"google-site-verification\" content=\"UQ-k7hcOVZluZene7_iGgI7iewEm4fFqYkW4KY9-n28\" \/>\n\t<meta name=\"keywords\" content=\"enkas\u00fcrd\u00fcr\u00fclebilirlik,enkasustainability,forestpeopleplanet,worldwildlifeday,wwd2021,\u00e7evresel etkiyi azaltmak\" \/>\n\t<link rel=\"canonical\" href=\"https:\/\/www.enka.com\/sustainability\/tr\/dunya-yaban-hayati-koruma-gunu\/\" \/>\n\t<meta name=\"generator\" content=\"All in One SEO (AIOSEO) 5.0.1.1\" \/>\n\n\t\t<!-- Google tag (gtag.js) -->\n<script async src=\"https:\/\/www.googletagmanager.com\/gtag\/js?id=G-NQHTTC6MQB\"><\/script>\n<script>\n  window.dataLayer = window.dataLayer || [];\n  function gtag(){dataLayer.push(arguments);}\n  gtag('js', new Date());\n\n  gtag('config', 'G-NQHTTC6MQB');\n<\/script>\n\t\t<meta property=\"og:locale\" content=\"tr_TR\" \/>\n\t\t<meta property=\"og:site_name\" content=\"ENKA \u0130n\u015faat ve Sanayi A.\u015e.\" \/>\n\t\t<meta property=\"og:type\" content=\"article\" \/>\n\t\t<meta property=\"og:title\" content=\"D\u00fcnya Yaban Hayat\u0131 Koruma G\u00fcn\u00fc | D\u00fcnya Yaban Hayat\u0131 Koruma G\u00fcn\u00fcENKA \u0130n\u015faat ve Sanayi A.\u015e.\" \/>\n\t\t<meta property=\"og:description\" content=\"ENKA olarak, Birle\u015fmi\u015f Milletler taraf\u0131ndan her y\u0131l 3 Mart tarihinde kutlanan ve bu y\u0131l\u0131n temas\u0131n\u0131n \u201cOrmanlar ve Tar\u0131msal Ge\u00e7im Kayna\u011f\u0131: \u0130nsan\u0131n ve Gezegenin S\u00fcrd\u00fcr\u00fclmesi\u201d oldu\u011fu D\u00fcnya Yaban Hayat\u0131 Koruma G\u00fcn\u00fcn\u00fc \u00c7evre ve S\u00fcrd\u00fcr\u00fclebilirilk Politikalar\u0131m\u0131z\u0131n \u0131\u015f\u0131\u011f\u0131nda \u00e7evreyi ve do\u011fal hayat\u0131 korumaya verdi\u011fimiz taahh\u00fcd\u00fcm\u00fcz ile kutluyoruz.ENKA olarak, Birle\u015fmi\u015f Milletler taraf\u0131ndan her y\u0131l 3 Mart tarihinde kutlanan ve bu y\u0131l\u0131n temas\u0131n\u0131n \u201cOrmanlar ve Tar\u0131msal Ge\u00e7im Kayna\u011f\u0131: \u0130nsan\u0131n ve Gezegenin S\u00fcrd\u00fcr\u00fclmesi\u201d oldu\u011fu D\u00fcnya Yaban Hayat\u0131 Koruma G\u00fcn\u00fcn\u00fc \u00c7evre ve S\u00fcrd\u00fcr\u00fclebilirilk Politikalar\u0131m\u0131z\u0131n \u0131\u015f\u0131\u011f\u0131nda \u00e7evreyi ve do\u011fal hayat\u0131 korumaya verdi\u011fimiz taahh\u00fcd\u00fcm\u00fcz ile kutluyoruz. Bu kapsamda \u00e7al\u0131\u015ft\u0131\u011f\u0131m\u0131z bir \u00e7ok co\u011frafyada 10 binlerce fidan dikimi ger\u00e7ekle\u015ftirdik,\" \/>\n\t\t<meta property=\"og:url\" content=\"https:\/\/www.enka.com\/sustainability\/tr\/dunya-yaban-hayati-koruma-gunu\/\" \/>\n\t\t<meta property=\"og:image\" content=\"https:\/\/www.enka.com\/sustainability\/wp-content\/uploads\/2021\/03\/Anadolu-Sincabi_post.jpg\" \/>\n\t\t<meta property=\"og:image:secure_url\" content=\"https:\/\/www.enka.com\/sustainability\/wp-content\/uploads\/2021\/03\/Anadolu-Sincabi_post.jpg\" \/>\n\t\t<meta property=\"og:image:width\" content=\"1024\" \/>\n\t\t<meta property=\"og:image:height\" content=\"580\" \/>\n\t\t<meta property=\"article:published_time\" content=\"2021-03-05T14:49:00+00:00\" \/>\n\t\t<meta property=\"article:modified_time\" content=\"2021-03-05T14:55:52+00:00\" \/>\n\t\t<meta property=\"article:publisher\" content=\"https:\/\/www.facebook.com\/enkaconstruction\" \/>\n\t\t<meta name=\"twitter:card\" content=\"summary\" \/>\n\t\t<meta name=\"twitter:site\" content=\"@ENKA_Cons\" \/>\n\t\t<meta name=\"twitter:title\" content=\"D\u00fcnya Yaban Hayat\u0131 Koruma G\u00fcn\u00fc | D\u00fcnya Yaban Hayat\u0131 Koruma G\u00fcn\u00fcENKA \u0130n\u015faat ve Sanayi A.\u015e.\" \/>\n\t\t<meta name=\"twitter:description\" content=\"ENKA olarak, Birle\u015fmi\u015f Milletler taraf\u0131ndan her y\u0131l 3 Mart tarihinde kutlanan ve bu y\u0131l\u0131n temas\u0131n\u0131n \u201cOrmanlar ve Tar\u0131msal Ge\u00e7im Kayna\u011f\u0131: \u0130nsan\u0131n ve Gezegenin S\u00fcrd\u00fcr\u00fclmesi\u201d oldu\u011fu D\u00fcnya Yaban Hayat\u0131 Koruma G\u00fcn\u00fcn\u00fc \u00c7evre ve S\u00fcrd\u00fcr\u00fclebilirilk Politikalar\u0131m\u0131z\u0131n \u0131\u015f\u0131\u011f\u0131nda \u00e7evreyi ve do\u011fal hayat\u0131 korumaya verdi\u011fimiz taahh\u00fcd\u00fcm\u00fcz ile kutluyoruz.ENKA olarak, Birle\u015fmi\u015f Milletler taraf\u0131ndan her y\u0131l 3 Mart tarihinde kutlanan ve bu y\u0131l\u0131n temas\u0131n\u0131n \u201cOrmanlar ve Tar\u0131msal Ge\u00e7im Kayna\u011f\u0131: \u0130nsan\u0131n ve Gezegenin S\u00fcrd\u00fcr\u00fclmesi\u201d oldu\u011fu D\u00fcnya Yaban Hayat\u0131 Koruma G\u00fcn\u00fcn\u00fc \u00c7evre ve S\u00fcrd\u00fcr\u00fclebilirilk Politikalar\u0131m\u0131z\u0131n \u0131\u015f\u0131\u011f\u0131nda \u00e7evreyi ve do\u011fal hayat\u0131 korumaya verdi\u011fimiz taahh\u00fcd\u00fcm\u00fcz ile kutluyoruz. Bu kapsamda \u00e7al\u0131\u015ft\u0131\u011f\u0131m\u0131z bir \u00e7ok co\u011frafyada 10 binlerce fidan dikimi ger\u00e7ekle\u015ftirdik,\" \/>\n\t\t<meta name=\"twitter:image\" content=\"https:\/\/www.enka.com\/sustainability\/wp-content\/uploads\/2021\/03\/Anadolu-Sincabi_post.jpg\" \/>\n\t\t<script type=\"application\/ld+json\" class=\"aioseo-schema\">\n\t\t\t{\"@context\":\"https:\\\/\\\/schema.org\",\"@graph\":[{\"@type\":\"Article\",\"@id\":\"https:\\\/\\\/www.enka.com\\\/sustainability\\\/tr\\\/dunya-yaban-hayati-koruma-gunu\\\/#article\",\"name\":\"D\\u00fcnya Yaban Hayat\\u0131 Koruma G\\u00fcn\\u00fc | D\\u00fcnya Yaban Hayat\\u0131 Koruma G\\u00fcn\\u00fcENKA \\u0130n\\u015faat ve Sanayi A.\\u015e.\",\"headline\":\"D\\u00fcnya Yaban Hayat\\u0131 Koruma G\\u00fcn\\u00fc\",\"author\":{\"@id\":\"https:\\\/\\\/www.enka.com\\\/sustainability\\\/tr\\\/author\\\/emin-yilmaz_245368_-2-2-2-2-2-2-2-2-2-2-2\\\/#author\"},\"publisher\":{\"@id\":\"https:\\\/\\\/www.enka.com\\\/sustainability\\\/tr\\\/#organization\"},\"image\":{\"@type\":\"ImageObject\",\"url\":\"https:\\\/\\\/www.enka.com\\\/sustainability\\\/wp-content\\\/uploads\\\/2021\\\/03\\\/Anadolu-Sincabi_post.jpg\",\"width\":1024,\"height\":580},\"datePublished\":\"2021-03-05T17:49:00+03:00\",\"dateModified\":\"2021-03-05T17:55:52+03:00\",\"inLanguage\":\"tr-TR\",\"mainEntityOfPage\":{\"@id\":\"https:\\\/\\\/www.enka.com\\\/sustainability\\\/tr\\\/dunya-yaban-hayati-koruma-gunu\\\/#webpage\"},\"isPartOf\":{\"@id\":\"https:\\\/\\\/www.enka.com\\\/sustainability\\\/tr\\\/dunya-yaban-hayati-koruma-gunu\\\/#webpage\"},\"articleSection\":\"\\u00c7evresel Etkiyi Azaltmak, enkas\\u00fcrd\\u00fcr\\u00fclebilirlik, enkasustainability, ForestPeoplePlanet, worldwildlifeday, WWD2021, Optional\"},{\"@type\":\"BreadcrumbList\",\"@id\":\"https:\\\/\\\/www.enka.com\\\/sustainability\\\/tr\\\/dunya-yaban-hayati-koruma-gunu\\\/#breadcrumblist\",\"itemListElement\":[{\"@type\":\"ListItem\",\"@id\":\"https:\\\/\\\/www.enka.com\\\/sustainability\\\/tr\\\/#listItem\",\"position\":1,\"name\":\"Home\",\"item\":\"https:\\\/\\\/www.enka.com\\\/sustainability\\\/tr\\\/\",\"nextItem\":{\"@type\":\"ListItem\",\"@id\":\"https:\\\/\\\/www.enka.com\\\/sustainability\\\/tr\\\/category\\\/hepsi\\\/#listItem\",\"name\":\"Hepsi\"}},{\"@type\":\"ListItem\",\"@id\":\"https:\\\/\\\/www.enka.com\\\/sustainability\\\/tr\\\/category\\\/hepsi\\\/#listItem\",\"position\":2,\"name\":\"Hepsi\",\"item\":\"https:\\\/\\\/www.enka.com\\\/sustainability\\\/tr\\\/category\\\/hepsi\\\/\",\"nextItem\":{\"@type\":\"ListItem\",\"@id\":\"https:\\\/\\\/www.enka.com\\\/sustainability\\\/tr\\\/category\\\/hepsi\\\/cevresel-etkiyi-azaltmak\\\/#listItem\",\"name\":\"\\u00c7evresel Etkiyi Azaltmak\"},\"previousItem\":{\"@type\":\"ListItem\",\"@id\":\"https:\\\/\\\/www.enka.com\\\/sustainability\\\/tr\\\/#listItem\",\"name\":\"Home\"}},{\"@type\":\"ListItem\",\"@id\":\"https:\\\/\\\/www.enka.com\\\/sustainability\\\/tr\\\/category\\\/hepsi\\\/cevresel-etkiyi-azaltmak\\\/#listItem\",\"position\":3,\"name\":\"\\u00c7evresel Etkiyi Azaltmak\",\"item\":\"https:\\\/\\\/www.enka.com\\\/sustainability\\\/tr\\\/category\\\/hepsi\\\/cevresel-etkiyi-azaltmak\\\/\",\"nextItem\":{\"@type\":\"ListItem\",\"@id\":\"https:\\\/\\\/www.enka.com\\\/sustainability\\\/tr\\\/dunya-yaban-hayati-koruma-gunu\\\/#listItem\",\"name\":\"D\\u00fcnya Yaban Hayat\\u0131 Koruma G\\u00fcn\\u00fc\"},\"previousItem\":{\"@type\":\"ListItem\",\"@id\":\"https:\\\/\\\/www.enka.com\\\/sustainability\\\/tr\\\/category\\\/hepsi\\\/#listItem\",\"name\":\"Hepsi\"}},{\"@type\":\"ListItem\",\"@id\":\"https:\\\/\\\/www.enka.com\\\/sustainability\\\/tr\\\/dunya-yaban-hayati-koruma-gunu\\\/#listItem\",\"position\":4,\"name\":\"D\\u00fcnya Yaban Hayat\\u0131 Koruma G\\u00fcn\\u00fc\",\"previousItem\":{\"@type\":\"ListItem\",\"@id\":\"https:\\\/\\\/www.enka.com\\\/sustainability\\\/tr\\\/category\\\/hepsi\\\/cevresel-etkiyi-azaltmak\\\/#listItem\",\"name\":\"\\u00c7evresel Etkiyi Azaltmak\"}}]},{\"@type\":\"Organization\",\"@id\":\"https:\\\/\\\/www.enka.com\\\/sustainability\\\/tr\\\/#organization\",\"name\":\"ENKA \\u0130n\\u015faat ve Sanayi A.\\u015e.\",\"description\":\"Engineering for a sustainable future\",\"url\":\"https:\\\/\\\/www.enka.com\\\/sustainability\\\/tr\\\/\",\"telephone\":\"+902123761000\",\"logo\":{\"@type\":\"ImageObject\",\"url\":\"https:\\\/\\\/www.enka.com\\\/wp-content\\\/uploads\\\/2015\\\/07\\\/enka-icon-112x112-1.png\",\"@id\":\"https:\\\/\\\/www.enka.com\\\/sustainability\\\/tr\\\/dunya-yaban-hayati-koruma-gunu\\\/#organizationLogo\"},\"image\":{\"@id\":\"https:\\\/\\\/www.enka.com\\\/sustainability\\\/tr\\\/dunya-yaban-hayati-koruma-gunu\\\/#organizationLogo\"},\"sameAs\":[\"https:\\\/\\\/www.instagram.com\\\/enka_insaat_official\\\/\",\"https:\\\/\\\/www.youtube.com\\\/channel\\\/UCtdqyCnE1uZiCkl3Luedj6Q\",\"https:\\\/\\\/www.linkedin.com\\\/company\\\/enka\"]},{\"@type\":\"Person\",\"@id\":\"https:\\\/\\\/www.enka.com\\\/sustainability\\\/tr\\\/author\\\/emin-yilmaz_245368_-2-2-2-2-2-2-2-2-2-2-2\\\/#author\",\"url\":\"https:\\\/\\\/www.enka.com\\\/sustainability\\\/tr\\\/author\\\/emin-yilmaz_245368_-2-2-2-2-2-2-2-2-2-2-2\\\/\",\"name\":\"admin\",\"image\":{\"@type\":\"ImageObject\",\"@id\":\"https:\\\/\\\/www.enka.com\\\/sustainability\\\/tr\\\/dunya-yaban-hayati-koruma-gunu\\\/#authorImage\",\"url\":\"https:\\\/\\\/www.enka.com\\\/sustainability\\\/wp-content\\\/litespeed\\\/avatar\\\/53f5212c4af111fe0e96fd62ef85a638.jpg?ver=1788538427\",\"width\":96,\"height\":96,\"caption\":\"admin\"}},{\"@type\":\"WebPage\",\"@id\":\"https:\\\/\\\/www.enka.com\\\/sustainability\\\/tr\\\/dunya-yaban-hayati-koruma-gunu\\\/#webpage\",\"url\":\"https:\\\/\\\/www.enka.com\\\/sustainability\\\/tr\\\/dunya-yaban-hayati-koruma-gunu\\\/\",\"name\":\"D\\u00fcnya Yaban Hayat\\u0131 Koruma G\\u00fcn\\u00fc | D\\u00fcnya Yaban Hayat\\u0131 Koruma G\\u00fcn\\u00fcENKA \\u0130n\\u015faat ve Sanayi A.\\u015e.\",\"description\":\"ENKA olarak, Birle\\u015fmi\\u015f Milletler taraf\\u0131ndan her y\\u0131l 3 Mart tarihinde kutlanan ve bu y\\u0131l\\u0131n temas\\u0131n\\u0131n \\u201cOrmanlar ve Tar\\u0131msal Ge\\u00e7im Kayna\\u011f\\u0131: \\u0130nsan\\u0131n ve Gezegenin S\\u00fcrd\\u00fcr\\u00fclmesi\\u201d oldu\\u011fu D\\u00fcnya Yaban Hayat\\u0131 Koruma G\\u00fcn\\u00fcn\\u00fc \\u00c7evre ve S\\u00fcrd\\u00fcr\\u00fclebilirilk Politikalar\\u0131m\\u0131z\\u0131n \\u0131\\u015f\\u0131\\u011f\\u0131nda \\u00e7evreyi ve do\\u011fal hayat\\u0131 korumaya verdi\\u011fimiz taahh\\u00fcd\\u00fcm\\u00fcz ile kutluyoruz.ENKA olarak, Birle\\u015fmi\\u015f Milletler taraf\\u0131ndan her y\\u0131l 3 Mart tarihinde kutlanan ve bu y\\u0131l\\u0131n temas\\u0131n\\u0131n \\u201cOrmanlar ve Tar\\u0131msal Ge\\u00e7im Kayna\\u011f\\u0131: \\u0130nsan\\u0131n ve Gezegenin S\\u00fcrd\\u00fcr\\u00fclmesi\\u201d oldu\\u011fu D\\u00fcnya Yaban Hayat\\u0131 Koruma G\\u00fcn\\u00fcn\\u00fc \\u00c7evre ve S\\u00fcrd\\u00fcr\\u00fclebilirilk Politikalar\\u0131m\\u0131z\\u0131n \\u0131\\u015f\\u0131\\u011f\\u0131nda \\u00e7evreyi ve do\\u011fal hayat\\u0131 korumaya verdi\\u011fimiz taahh\\u00fcd\\u00fcm\\u00fcz ile kutluyoruz. Bu kapsamda \\u00e7al\\u0131\\u015ft\\u0131\\u011f\\u0131m\\u0131z bir \\u00e7ok co\\u011frafyada 10 binlerce fidan dikimi ger\\u00e7ekle\\u015ftirdik,\",\"inLanguage\":\"tr-TR\",\"isPartOf\":{\"@id\":\"https:\\\/\\\/www.enka.com\\\/sustainability\\\/tr\\\/#website\"},\"breadcrumb\":{\"@id\":\"https:\\\/\\\/www.enka.com\\\/sustainability\\\/tr\\\/dunya-yaban-hayati-koruma-gunu\\\/#breadcrumblist\"},\"author\":{\"@id\":\"https:\\\/\\\/www.enka.com\\\/sustainability\\\/tr\\\/author\\\/emin-yilmaz_245368_-2-2-2-2-2-2-2-2-2-2-2\\\/#author\"},\"creator\":{\"@id\":\"https:\\\/\\\/www.enka.com\\\/sustainability\\\/tr\\\/author\\\/emin-yilmaz_245368_-2-2-2-2-2-2-2-2-2-2-2\\\/#author\"},\"image\":{\"@type\":\"ImageObject\",\"url\":\"https:\\\/\\\/www.enka.com\\\/sustainability\\\/wp-content\\\/uploads\\\/2021\\\/03\\\/Anadolu-Sincabi_post.jpg\",\"@id\":\"https:\\\/\\\/www.enka.com\\\/sustainability\\\/tr\\\/dunya-yaban-hayati-koruma-gunu\\\/#mainImage\",\"width\":1024,\"height\":580},\"primaryImageOfPage\":{\"@id\":\"https:\\\/\\\/www.enka.com\\\/sustainability\\\/tr\\\/dunya-yaban-hayati-koruma-gunu\\\/#mainImage\"},\"datePublished\":\"2021-03-05T17:49:00+03:00\",\"dateModified\":\"2021-03-05T17:55:52+03:00\"},{\"@type\":\"WebSite\",\"@id\":\"https:\\\/\\\/www.enka.com\\\/sustainability\\\/tr\\\/#website\",\"url\":\"https:\\\/\\\/www.enka.com\\\/sustainability\\\/tr\\\/\",\"name\":\"ENKA \\u0130n\\u015faat ve Sanayi A.\\u015e.\",\"description\":\"Engineering for a sustainable future\",\"inLanguage\":\"tr-TR\",\"publisher\":{\"@id\":\"https:\\\/\\\/www.enka.com\\\/sustainability\\\/tr\\\/#organization\"}}]}\n\t\t<\/script>\n\t\t<!-- All in One SEO -->\n\n","aioseo_head_json":{"title":"D\u00fcnya Yaban Hayat\u0131 Koruma G\u00fcn\u00fc | D\u00fcnya Yaban Hayat\u0131 Koruma G\u00fcn\u00fcENKA \u0130n\u015faat ve Sanayi A.\u015e.","description":"ENKA olarak, Birle\u015fmi\u015f Milletler taraf\u0131ndan her y\u0131l 3 Mart tarihinde kutlanan ve bu y\u0131l\u0131n temas\u0131n\u0131n \u201cOrmanlar ve Tar\u0131msal Ge\u00e7im Kayna\u011f\u0131: \u0130nsan\u0131n ve Gezegenin S\u00fcrd\u00fcr\u00fclmesi\u201d oldu\u011fu D\u00fcnya Yaban Hayat\u0131 Koruma G\u00fcn\u00fcn\u00fc \u00c7evre ve S\u00fcrd\u00fcr\u00fclebilirilk Politikalar\u0131m\u0131z\u0131n \u0131\u015f\u0131\u011f\u0131nda \u00e7evreyi ve do\u011fal hayat\u0131 korumaya verdi\u011fimiz taahh\u00fcd\u00fcm\u00fcz ile kutluyoruz.ENKA olarak, Birle\u015fmi\u015f Milletler taraf\u0131ndan her y\u0131l 3 Mart tarihinde kutlanan ve bu y\u0131l\u0131n temas\u0131n\u0131n \u201cOrmanlar ve Tar\u0131msal Ge\u00e7im Kayna\u011f\u0131: \u0130nsan\u0131n ve Gezegenin S\u00fcrd\u00fcr\u00fclmesi\u201d oldu\u011fu D\u00fcnya Yaban Hayat\u0131 Koruma G\u00fcn\u00fcn\u00fc \u00c7evre ve S\u00fcrd\u00fcr\u00fclebilirilk Politikalar\u0131m\u0131z\u0131n \u0131\u015f\u0131\u011f\u0131nda \u00e7evreyi ve do\u011fal hayat\u0131 korumaya verdi\u011fimiz taahh\u00fcd\u00fcm\u00fcz ile kutluyoruz. Bu kapsamda \u00e7al\u0131\u015ft\u0131\u011f\u0131m\u0131z bir \u00e7ok co\u011frafyada 10 binlerce fidan dikimi ger\u00e7ekle\u015ftirdik,","canonical_url":"https:\/\/www.enka.com\/sustainability\/tr\/dunya-yaban-hayati-koruma-gunu\/","robots":"max-image-preview:large","keywords":"enkas\u00fcrd\u00fcr\u00fclebilirlik,enkasustainability,forestpeopleplanet,worldwildlifeday,wwd2021,\u00e7evresel etkiyi azaltmak","webmasterTools":{"google-site-verification":"UQ-k7hcOVZluZene7_iGgI7iewEm4fFqYkW4KY9-n28","miscellaneous":"&lt;!-- Google tag (gtag.js) --&gt;\n&lt;script async src=\"https:\/\/www.googletagmanager.com\/gtag\/js?id=G-NQHTTC6MQB\"&gt;&lt;\/script&gt;\n&lt;script&gt;\n  window.dataLayer = window.dataLayer || [];\n  function gtag(){dataLayer.push(arguments);}\n  gtag('js', new Date());\n\n  gtag('config', 'G-NQHTTC6MQB');\n&lt;\/script&gt;"},"schema":{"@context":"https:\/\/schema.org","@graph":[{"@type":"Article","@id":"https:\/\/www.enka.com\/sustainability\/tr\/dunya-yaban-hayati-koruma-gunu\/#article","name":"D\u00fcnya Yaban Hayat\u0131 Koruma G\u00fcn\u00fc | D\u00fcnya Yaban Hayat\u0131 Koruma G\u00fcn\u00fcENKA \u0130n\u015faat ve Sanayi A.\u015e.","headline":"D\u00fcnya Yaban Hayat\u0131 Koruma G\u00fcn\u00fc","author":{"@id":"https:\/\/www.enka.com\/sustainability\/tr\/author\/emin-yilmaz_245368_-2-2-2-2-2-2-2-2-2-2-2\/#author"},"publisher":{"@id":"https:\/\/www.enka.com\/sustainability\/tr\/#organization"},"image":{"@type":"ImageObject","url":"https:\/\/www.enka.com\/sustainability\/wp-content\/uploads\/2021\/03\/Anadolu-Sincabi_post.jpg","width":1024,"height":580},"datePublished":"2021-03-05T17:49:00+03:00","dateModified":"2021-03-05T17:55:52+03:00","inLanguage":"tr-TR","mainEntityOfPage":{"@id":"https:\/\/www.enka.com\/sustainability\/tr\/dunya-yaban-hayati-koruma-gunu\/#webpage"},"isPartOf":{"@id":"https:\/\/www.enka.com\/sustainability\/tr\/dunya-yaban-hayati-koruma-gunu\/#webpage"},"articleSection":"\u00c7evresel Etkiyi Azaltmak, enkas\u00fcrd\u00fcr\u00fclebilirlik, enkasustainability, ForestPeoplePlanet, worldwildlifeday, WWD2021, Optional"},{"@type":"BreadcrumbList","@id":"https:\/\/www.enka.com\/sustainability\/tr\/dunya-yaban-hayati-koruma-gunu\/#breadcrumblist","itemListElement":[{"@type":"ListItem","@id":"https:\/\/www.enka.com\/sustainability\/tr\/#listItem","position":1,"name":"Home","item":"https:\/\/www.enka.com\/sustainability\/tr\/","nextItem":{"@type":"ListItem","@id":"https:\/\/www.enka.com\/sustainability\/tr\/category\/hepsi\/#listItem","name":"Hepsi"}},{"@type":"ListItem","@id":"https:\/\/www.enka.com\/sustainability\/tr\/category\/hepsi\/#listItem","position":2,"name":"Hepsi","item":"https:\/\/www.enka.com\/sustainability\/tr\/category\/hepsi\/","nextItem":{"@type":"ListItem","@id":"https:\/\/www.enka.com\/sustainability\/tr\/category\/hepsi\/cevresel-etkiyi-azaltmak\/#listItem","name":"\u00c7evresel Etkiyi Azaltmak"},"previousItem":{"@type":"ListItem","@id":"https:\/\/www.enka.com\/sustainability\/tr\/#listItem","name":"Home"}},{"@type":"ListItem","@id":"https:\/\/www.enka.com\/sustainability\/tr\/category\/hepsi\/cevresel-etkiyi-azaltmak\/#listItem","position":3,"name":"\u00c7evresel Etkiyi Azaltmak","item":"https:\/\/www.enka.com\/sustainability\/tr\/category\/hepsi\/cevresel-etkiyi-azaltmak\/","nextItem":{"@type":"ListItem","@id":"https:\/\/www.enka.com\/sustainability\/tr\/dunya-yaban-hayati-koruma-gunu\/#listItem","name":"D\u00fcnya Yaban Hayat\u0131 Koruma G\u00fcn\u00fc"},"previousItem":{"@type":"ListItem","@id":"https:\/\/www.enka.com\/sustainability\/tr\/category\/hepsi\/#listItem","name":"Hepsi"}},{"@type":"ListItem","@id":"https:\/\/www.enka.com\/sustainability\/tr\/dunya-yaban-hayati-koruma-gunu\/#listItem","position":4,"name":"D\u00fcnya Yaban Hayat\u0131 Koruma G\u00fcn\u00fc","previousItem":{"@type":"ListItem","@id":"https:\/\/www.enka.com\/sustainability\/tr\/category\/hepsi\/cevresel-etkiyi-azaltmak\/#listItem","name":"\u00c7evresel Etkiyi Azaltmak"}}]},{"@type":"Organization","@id":"https:\/\/www.enka.com\/sustainability\/tr\/#organization","name":"ENKA \u0130n\u015faat ve Sanayi A.\u015e.","description":"Engineering for a sustainable future","url":"https:\/\/www.enka.com\/sustainability\/tr\/","telephone":"+902123761000","logo":{"@type":"ImageObject","url":"https:\/\/www.enka.com\/wp-content\/uploads\/2015\/07\/enka-icon-112x112-1.png","@id":"https:\/\/www.enka.com\/sustainability\/tr\/dunya-yaban-hayati-koruma-gunu\/#organizationLogo"},"image":{"@id":"https:\/\/www.enka.com\/sustainability\/tr\/dunya-yaban-hayati-koruma-gunu\/#organizationLogo"},"sameAs":["https:\/\/www.instagram.com\/enka_insaat_official\/","https:\/\/www.youtube.com\/channel\/UCtdqyCnE1uZiCkl3Luedj6Q","https:\/\/www.linkedin.com\/company\/enka"]},{"@type":"Person","@id":"https:\/\/www.enka.com\/sustainability\/tr\/author\/emin-yilmaz_245368_-2-2-2-2-2-2-2-2-2-2-2\/#author","url":"https:\/\/www.enka.com\/sustainability\/tr\/author\/emin-yilmaz_245368_-2-2-2-2-2-2-2-2-2-2-2\/","name":"admin","image":{"@type":"ImageObject","@id":"https:\/\/www.enka.com\/sustainability\/tr\/dunya-yaban-hayati-koruma-gunu\/#authorImage","url":"https:\/\/www.enka.com\/sustainability\/wp-content\/litespeed\/avatar\/53f5212c4af111fe0e96fd62ef85a638.jpg?ver=1788538427","width":96,"height":96,"caption":"admin"}},{"@type":"WebPage","@id":"https:\/\/www.enka.com\/sustainability\/tr\/dunya-yaban-hayati-koruma-gunu\/#webpage","url":"https:\/\/www.enka.com\/sustainability\/tr\/dunya-yaban-hayati-koruma-gunu\/","name":"D\u00fcnya Yaban Hayat\u0131 Koruma G\u00fcn\u00fc | D\u00fcnya Yaban Hayat\u0131 Koruma G\u00fcn\u00fcENKA \u0130n\u015faat ve Sanayi A.\u015e.","description":"ENKA olarak, Birle\u015fmi\u015f Milletler taraf\u0131ndan her y\u0131l 3 Mart tarihinde kutlanan ve bu y\u0131l\u0131n temas\u0131n\u0131n \u201cOrmanlar ve Tar\u0131msal Ge\u00e7im Kayna\u011f\u0131: \u0130nsan\u0131n ve Gezegenin S\u00fcrd\u00fcr\u00fclmesi\u201d oldu\u011fu D\u00fcnya Yaban Hayat\u0131 Koruma G\u00fcn\u00fcn\u00fc \u00c7evre ve S\u00fcrd\u00fcr\u00fclebilirilk Politikalar\u0131m\u0131z\u0131n \u0131\u015f\u0131\u011f\u0131nda \u00e7evreyi ve do\u011fal hayat\u0131 korumaya verdi\u011fimiz taahh\u00fcd\u00fcm\u00fcz ile kutluyoruz.ENKA olarak, Birle\u015fmi\u015f Milletler taraf\u0131ndan her y\u0131l 3 Mart tarihinde kutlanan ve bu y\u0131l\u0131n temas\u0131n\u0131n \u201cOrmanlar ve Tar\u0131msal Ge\u00e7im Kayna\u011f\u0131: \u0130nsan\u0131n ve Gezegenin S\u00fcrd\u00fcr\u00fclmesi\u201d oldu\u011fu D\u00fcnya Yaban Hayat\u0131 Koruma G\u00fcn\u00fcn\u00fc \u00c7evre ve S\u00fcrd\u00fcr\u00fclebilirilk Politikalar\u0131m\u0131z\u0131n \u0131\u015f\u0131\u011f\u0131nda \u00e7evreyi ve do\u011fal hayat\u0131 korumaya verdi\u011fimiz taahh\u00fcd\u00fcm\u00fcz ile kutluyoruz. Bu kapsamda \u00e7al\u0131\u015ft\u0131\u011f\u0131m\u0131z bir \u00e7ok co\u011frafyada 10 binlerce fidan dikimi ger\u00e7ekle\u015ftirdik,","inLanguage":"tr-TR","isPartOf":{"@id":"https:\/\/www.enka.com\/sustainability\/tr\/#website"},"breadcrumb":{"@id":"https:\/\/www.enka.com\/sustainability\/tr\/dunya-yaban-hayati-koruma-gunu\/#breadcrumblist"},"author":{"@id":"https:\/\/www.enka.com\/sustainability\/tr\/author\/emin-yilmaz_245368_-2-2-2-2-2-2-2-2-2-2-2\/#author"},"creator":{"@id":"https:\/\/www.enka.com\/sustainability\/tr\/author\/emin-yilmaz_245368_-2-2-2-2-2-2-2-2-2-2-2\/#author"},"image":{"@type":"ImageObject","url":"https:\/\/www.enka.com\/sustainability\/wp-content\/uploads\/2021\/03\/Anadolu-Sincabi_post.jpg","@id":"https:\/\/www.enka.com\/sustainability\/tr\/dunya-yaban-hayati-koruma-gunu\/#mainImage","width":1024,"height":580},"primaryImageOfPage":{"@id":"https:\/\/www.enka.com\/sustainability\/tr\/dunya-yaban-hayati-koruma-gunu\/#mainImage"},"datePublished":"2021-03-05T17:49:00+03:00","dateModified":"2021-03-05T17:55:52+03:00"},{"@type":"WebSite","@id":"https:\/\/www.enka.com\/sustainability\/tr\/#website","url":"https:\/\/www.enka.com\/sustainability\/tr\/","name":"ENKA \u0130n\u015faat ve Sanayi A.\u015e.","description":"Engineering for a sustainable future","inLanguage":"tr-TR","publisher":{"@id":"https:\/\/www.enka.com\/sustainability\/tr\/#organization"}}]},"og:locale":"tr_TR","og:site_name":"ENKA \u0130n\u015faat ve Sanayi A.\u015e.","og:type":"article","og:title":"D\u00fcnya Yaban Hayat\u0131 Koruma G\u00fcn\u00fc | D\u00fcnya Yaban Hayat\u0131 Koruma G\u00fcn\u00fcENKA \u0130n\u015faat ve Sanayi A.\u015e.","og:description":"ENKA olarak, Birle\u015fmi\u015f Milletler taraf\u0131ndan her y\u0131l 3 Mart tarihinde kutlanan ve bu y\u0131l\u0131n temas\u0131n\u0131n \u201cOrmanlar ve Tar\u0131msal Ge\u00e7im Kayna\u011f\u0131: \u0130nsan\u0131n ve Gezegenin S\u00fcrd\u00fcr\u00fclmesi\u201d oldu\u011fu D\u00fcnya Yaban Hayat\u0131 Koruma G\u00fcn\u00fcn\u00fc \u00c7evre ve S\u00fcrd\u00fcr\u00fclebilirilk Politikalar\u0131m\u0131z\u0131n \u0131\u015f\u0131\u011f\u0131nda \u00e7evreyi ve do\u011fal hayat\u0131 korumaya verdi\u011fimiz taahh\u00fcd\u00fcm\u00fcz ile kutluyoruz.ENKA olarak, Birle\u015fmi\u015f Milletler taraf\u0131ndan her y\u0131l 3 Mart tarihinde kutlanan ve bu y\u0131l\u0131n temas\u0131n\u0131n \u201cOrmanlar ve Tar\u0131msal Ge\u00e7im Kayna\u011f\u0131: \u0130nsan\u0131n ve Gezegenin S\u00fcrd\u00fcr\u00fclmesi\u201d oldu\u011fu D\u00fcnya Yaban Hayat\u0131 Koruma G\u00fcn\u00fcn\u00fc \u00c7evre ve S\u00fcrd\u00fcr\u00fclebilirilk Politikalar\u0131m\u0131z\u0131n \u0131\u015f\u0131\u011f\u0131nda \u00e7evreyi ve do\u011fal hayat\u0131 korumaya verdi\u011fimiz taahh\u00fcd\u00fcm\u00fcz ile kutluyoruz. Bu kapsamda \u00e7al\u0131\u015ft\u0131\u011f\u0131m\u0131z bir \u00e7ok co\u011frafyada 10 binlerce fidan dikimi ger\u00e7ekle\u015ftirdik,","og:url":"https:\/\/www.enka.com\/sustainability\/tr\/dunya-yaban-hayati-koruma-gunu\/","og:image":"https:\/\/www.enka.com\/sustainability\/wp-content\/uploads\/2021\/03\/Anadolu-Sincabi_post.jpg","og:image:secure_url":"https:\/\/www.enka.com\/sustainability\/wp-content\/uploads\/2021\/03\/Anadolu-Sincabi_post.jpg","og:image:width":1024,"og:image:height":580,"article:published_time":"2021-03-05T14:49:00+00:00","article:modified_time":"2021-03-05T14:55:52+00:00","article:publisher":"https:\/\/www.facebook.com\/enkaconstruction","twitter:card":"summary","twitter:site":"@ENKA_Cons","twitter:title":"D\u00fcnya Yaban Hayat\u0131 Koruma G\u00fcn\u00fc | D\u00fcnya Yaban Hayat\u0131 Koruma G\u00fcn\u00fcENKA \u0130n\u015faat ve Sanayi A.\u015e.","twitter:description":"ENKA olarak, Birle\u015fmi\u015f Milletler taraf\u0131ndan her y\u0131l 3 Mart tarihinde kutlanan ve bu y\u0131l\u0131n temas\u0131n\u0131n \u201cOrmanlar ve Tar\u0131msal Ge\u00e7im Kayna\u011f\u0131: \u0130nsan\u0131n ve Gezegenin S\u00fcrd\u00fcr\u00fclmesi\u201d oldu\u011fu D\u00fcnya Yaban Hayat\u0131 Koruma G\u00fcn\u00fcn\u00fc \u00c7evre ve S\u00fcrd\u00fcr\u00fclebilirilk Politikalar\u0131m\u0131z\u0131n \u0131\u015f\u0131\u011f\u0131nda \u00e7evreyi ve do\u011fal hayat\u0131 korumaya verdi\u011fimiz taahh\u00fcd\u00fcm\u00fcz ile kutluyoruz.ENKA olarak, Birle\u015fmi\u015f Milletler taraf\u0131ndan her y\u0131l 3 Mart tarihinde kutlanan ve bu y\u0131l\u0131n temas\u0131n\u0131n \u201cOrmanlar ve Tar\u0131msal Ge\u00e7im Kayna\u011f\u0131: \u0130nsan\u0131n ve Gezegenin S\u00fcrd\u00fcr\u00fclmesi\u201d oldu\u011fu D\u00fcnya Yaban Hayat\u0131 Koruma G\u00fcn\u00fcn\u00fc \u00c7evre ve S\u00fcrd\u00fcr\u00fclebilirilk Politikalar\u0131m\u0131z\u0131n \u0131\u015f\u0131\u011f\u0131nda \u00e7evreyi ve do\u011fal hayat\u0131 korumaya verdi\u011fimiz taahh\u00fcd\u00fcm\u00fcz ile kutluyoruz. Bu kapsamda \u00e7al\u0131\u015ft\u0131\u011f\u0131m\u0131z bir \u00e7ok co\u011frafyada 10 binlerce fidan dikimi ger\u00e7ekle\u015ftirdik,","twitter:image":"https:\/\/www.enka.com\/sustainability\/wp-content\/uploads\/2021\/03\/Anadolu-Sincabi_post.jpg"},"aioseo_meta_data":{"post_id":"10192","title":"#post_title | D\u00fcnya Yaban Hayat\u0131 Koruma G\u00fcn\u00fc#site_title","description":"ENKA olarak, Birle\u015fmi\u015f Milletler taraf\u0131ndan her y\u0131l 3 Mart tarihinde kutlanan ve bu y\u0131l\u0131n temas\u0131n\u0131n \u201cOrmanlar ve Tar\u0131msal Ge\u00e7im Kayna\u011f\u0131: \u0130nsan\u0131n ve Gezegenin S\u00fcrd\u00fcr\u00fclmesi\u201d oldu\u011fu D\u00fcnya Yaban Hayat\u0131 Koruma G\u00fcn\u00fcn\u00fc \u00c7evre ve S\u00fcrd\u00fcr\u00fclebilirilk Politikalar\u0131m\u0131z\u0131n \u0131\u015f\u0131\u011f\u0131nda \u00e7evreyi ve do\u011fal hayat\u0131 korumaya verdi\u011fimiz taahh\u00fcd\u00fcm\u00fcz ile kutluyoruz.#post_content","keywords":[],"keyphrases":{"focus":[],"additional":[]},"primary_term":null,"canonical_url":null,"og_title":null,"og_description":null,"og_object_type":"default","og_image_type":"default","og_image_url":null,"og_image_width":null,"og_image_height":null,"og_image_custom_url":null,"og_image_custom_fields":null,"og_video":"","og_custom_url":null,"og_article_section":null,"og_article_tags":[],"twitter_use_og":false,"twitter_card":"default","twitter_image_type":"default","twitter_image_url":null,"twitter_image_custom_url":null,"twitter_image_custom_fields":null,"twitter_title":null,"twitter_description":null,"schema":{"blockGraphs":[],"customGraphs":[],"default":{"data":{"Article":{"id":"aioseo-article-6388c8acba193","slug":"article","graphName":"Article","label":"Makale","properties":{"type":"BlogPosting","name":"#post_title","headline":"#post_title","description":"#post_excerpt","image":"","keywords":"","author":{"name":"#author_name","url":"#author_url"},"dates":{"include":true,"datePublished":"","dateModified":""}}},"Course":[],"Dataset":[],"FAQPage":[],"Movie":[],"Person":[],"Product":[],"ProductReview":[],"Car":[],"Recipe":[],"Service":[],"SoftwareApplication":[],"WebPage":[]},"graphName":"Article","isEnabled":true},"graphs":[]},"schema_type":"default","schema_type_options":"{\"article\":{\"articleType\":\"BlogPosting\"},\"course\":{\"name\":\"\",\"description\":\"\",\"provider\":\"\"},\"faq\":{\"pages\":[]},\"product\":{\"reviews\":[]},\"recipe\":{\"ingredients\":[],\"instructions\":[],\"keywords\":[]},\"software\":{\"reviews\":[],\"operatingSystems\":[]},\"webPage\":{\"webPageType\":\"WebPage\"}}","pillar_content":false,"robots_default":true,"robots_noindex":false,"robots_noarchive":false,"robots_nosnippet":false,"robots_nofollow":false,"robots_noimageindex":false,"robots_noodp":false,"robots_notranslate":false,"robots_max_snippet":"-1","robots_max_videopreview":"-1","robots_max_imagepreview":"large","priority":null,"frequency":"default","local_seo":{"businessInfo":{"name":"","urls":{"website":"","aboutPage":"","contactPage":""},"address":{"line1":"","line2":"","zip":"","city":"","state":"","country":""},"contact":{"email":"","phone":"","fax":""},"ids":{"vatID":"","taxID":"","chamberID":""},"payment":{"priceIndication":"","currenciesAccepted":"","methodsAccepted":""},"areaServed":""},"openingHours":{"show":false,"closedLabel":"","open24h":false,"open24hLabel":"","open247":false,"use24hFormat":false,"twoSets":false,"timezone":"","hours":[]}},"breadcrumb_settings":null,"limit_modified_date":false,"open_ai":null,"ai":null,"created":"2021-03-05 14:54:04","updated":"2026-05-06 20:16:32","seo_analyzer_scan_date":null,"focus_keyword":null,"additional_keywords":null,"truseo_locale":null},"acf":[],"_links":{"self":[{"href":"https:\/\/www.enka.com\/sustainability\/tr\/wp-json\/wp\/v2\/posts\/10192","targetHints":{"allow":["GET"]}}],"collection":[{"href":"https:\/\/www.enka.com\/sustainability\/tr\/wp-json\/wp\/v2\/posts"}],"about":[{"href":"https:\/\/www.enka.com\/sustainability\/tr\/wp-json\/wp\/v2\/types\/post"}],"author":[{"embeddable":true,"href":"https:\/\/www.enka.com\/sustainability\/tr\/wp-json\/wp\/v2\/users\/1"}],"replies":[{"embeddable":true,"href":"https:\/\/www.enka.com\/sustainability\/tr\/wp-json\/wp\/v2\/comments?post=10192"}],"version-history":[{"count":0,"href":"https:\/\/www.enka.com\/sustainability\/tr\/wp-json\/wp\/v2\/posts\/10192\/revisions"}],"wp:featuredmedia":[{"embeddable":true,"href":"https:\/\/www.enka.com\/sustainability\/tr\/wp-json\/wp\/v2\/media\/10185"}],"wp:attachment":[{"href":"https:\/\/www.enka.com\/sustainability\/tr\/wp-json\/wp\/v2\/media?parent=10192"}],"wp:term":[{"taxonomy":"category","embeddable":true,"href":"https:\/\/www.enka.com\/sustainability\/tr\/wp-json\/wp\/v2\/categories?post=10192"},{"taxonomy":"post_tag","embeddable":true,"href":"https:\/\/www.enka.com\/sustainability\/tr\/wp-json\/wp\/v2\/tags?post=10192"}],"curies":[{"name":"wp","href":"https:\/\/api.w.org\/{rel}","templated":true}]}}