{"id":1514,"date":"2018-01-05T09:55:35","date_gmt":"2018-01-05T06:55:35","guid":{"rendered":"https:\/\/www.enka.com\/sustainability\/calculate-carbon-footprints\/"},"modified":"2020-03-12T17:58:48","modified_gmt":"2020-03-12T14:58:48","slug":"karbon-ayak-izini-hesapla","status":"publish","type":"post","link":"https:\/\/www.enka.com\/sustainability\/tr\/karbon-ayak-izini-hesapla\/","title":{"rendered":"Karbon Ayak \u0130zini Hesapla!"},"content":{"rendered":"<p style=\"text-align: justify;\"><span style=\"font-size: 12pt; font-family: Georgia, Palatino;\">\u0130stanbul ENKA Okullar\u0131 Matematik, 7. s\u0131n\u0131f \u00f6\u011frencileri MYP sonu\u00e7 de\u011ferlendirme etkinli\u011fi kapsam\u0131nda\u00a0 insan\u0131n do\u011fal \u00e7evreye etkilerini ara\u015ft\u0131rmak \u00fczere ailelerinin kulland\u0131klar\u0131 ara\u00e7lardan birinin \u00a0\u201cayl\u0131k karbon sal\u0131n\u0131m\u0131n\u0131\u201d hesaplad\u0131lar. <strong>Kyoto Protokol\u00fc<\/strong>\u2019ne g\u00f6re, k\u00fcresel d\u00fczeyde karbon sal\u0131n\u0131m\u0131ndaki de\u011fi\u015fimi g\u00f6steren s\u00fctun grafi\u011fini incelediler ve karbon sal\u0131n\u0131m\u0131nda meydana gelen negatif y\u00f6ndeki de\u011fi\u015fimin \u00e7evre kirli\u011fi a\u00e7\u0131s\u0131ndan olumlu olup olmad\u0131\u011f\u0131n\u0131 matematik diliyle ifade ettiler. \u00d6\u011frenciler bu \u00e7al\u0131\u015fma ile birlikte, ara\u00e7lardan ve insani faaliyetlerden kaynakl\u0131\u00a0 \u201ckarbon sal\u0131n\u0131m\u0131n\u0131n\u201d k\u00fcresel \u0131s\u0131nmaya yol a\u00e7t\u0131\u011f\u0131n\u0131 \u00f6\u011frendiler. Bununla birlikte k\u00fcresel d\u00fczeyde karbon sal\u0131n\u0131m\u0131n\u0131 azaltmak ve s\u00fcrd\u00fcr\u00fclebilir bir \u00e7evre i\u00e7in etkili y\u00f6ntemlerin neler oldu\u011funu belirttiler.<\/span><\/p>\n","protected":false},"excerpt":{"rendered":"<p>\u0130stanbul ENKA Okullar\u0131 Matematik, 7. s\u0131n\u0131f \u00f6\u011frencileri MYP sonu\u00e7 de\u011ferlendirme etkinli\u011fi kapsam\u0131nda\u00a0 insan\u0131n do\u011fal \u00e7evreye etkilerini ara\u015ft\u0131rmak \u00fczere ailelerinin kulland\u0131klar\u0131 ara\u00e7lardan birinin \u00a0\u201cayl\u0131k karbon sal\u0131n\u0131m\u0131n\u0131\u201d hesaplad\u0131lar. Kyoto Protokol\u00fc\u2019ne g\u00f6re, k\u00fcresel d\u00fczeyde karbon sal\u0131n\u0131m\u0131ndaki de\u011fi\u015fimi g\u00f6steren s\u00fctun grafi\u011fini incelediler ve karbon sal\u0131n\u0131m\u0131nda meydana gelen negatif y\u00f6ndeki de\u011fi\u015fimin \u00e7evre kirli\u011fi a\u00e7\u0131s\u0131ndan olumlu olup olmad\u0131\u011f\u0131n\u0131 matematik diliyle ifade <a class=\"more-link\" href=\"https:\/\/www.enka.com\/sustainability\/tr\/karbon-ayak-izini-hesapla\/\">Continue reading <i class=\"fa fa-chevron-right\"><\/i><\/a><\/p>\n","protected":false},"author":1,"featured_media":1509,"comment_status":"closed","ping_status":"closed","sticky":false,"template":"","format":"standard","meta":{"_acf_changed":false,"inline_featured_image":false,"footnotes":""},"categories":[29],"tags":[2253],"class_list":["post-1514","post","type-post","status-publish","format-standard","has-post-thumbnail","hentry","category-cevresel-etkiyi-azaltmak","tag-cevresel-etkiyi-azaltmak"],"aioseo_notices":[],"acf":[],"_links":{"self":[{"href":"https:\/\/www.enka.com\/sustainability\/tr\/wp-json\/wp\/v2\/posts\/1514","targetHints":{"allow":["GET"]}}],"collection":[{"href":"https:\/\/www.enka.com\/sustainability\/tr\/wp-json\/wp\/v2\/posts"}],"about":[{"href":"https:\/\/www.enka.com\/sustainability\/tr\/wp-json\/wp\/v2\/types\/post"}],"author":[{"embeddable":true,"href":"https:\/\/www.enka.com\/sustainability\/tr\/wp-json\/wp\/v2\/users\/1"}],"replies":[{"embeddable":true,"href":"https:\/\/www.enka.com\/sustainability\/tr\/wp-json\/wp\/v2\/comments?post=1514"}],"version-history":[{"count":0,"href":"https:\/\/www.enka.com\/sustainability\/tr\/wp-json\/wp\/v2\/posts\/1514\/revisions"}],"wp:featuredmedia":[{"embeddable":true,"href":"https:\/\/www.enka.com\/sustainability\/tr\/wp-json\/wp\/v2\/media\/1509"}],"wp:attachment":[{"href":"https:\/\/www.enka.com\/sustainability\/tr\/wp-json\/wp\/v2\/media?parent=1514"}],"wp:term":[{"taxonomy":"category","embeddable":true,"href":"https:\/\/www.enka.com\/sustainability\/tr\/wp-json\/wp\/v2\/categories?post=1514"},{"taxonomy":"post_tag","embeddable":true,"href":"https:\/\/www.enka.com\/sustainability\/tr\/wp-json\/wp\/v2\/tags?post=1514"}],"curies":[{"name":"wp","href":"https:\/\/api.w.org\/{rel}","templated":true}]}}