{"id":15242,"date":"2025-09-29T17:19:17","date_gmt":"2025-09-29T14:19:17","guid":{"rendered":"https:\/\/www.enka.com\/sustainability\/enka-volunteers-clean-belgrad-forest\/"},"modified":"2025-09-29T17:23:07","modified_gmt":"2025-09-29T14:23:07","slug":"enka-gonulluleri-belgrad-ormanini-temizliyor","status":"publish","type":"post","link":"https:\/\/www.enka.com\/sustainability\/tr\/enka-gonulluleri-belgrad-ormanini-temizliyor\/","title":{"rendered":"ENKA G\u00f6n\u00fcll\u00fcleri Belgrad Orman\u0131&#8217;n\u0131 Temizliyor"},"content":{"rendered":"<div class=\"clearfix\" style=\"height: 20px\"><\/div>\n<p style=\"text-align: justify;\">Ormanlar, karasal ekosistemler aras\u0131nda biyolojik \u00e7e\u015fitlili\u011fin en y\u00fcksek oldu\u011fu alanlard\u0131r ve iklim de\u011fi\u015fikli\u011fiyle m\u00fccadelede hayati bir rol \u00fcstlenerek paha bi\u00e7ilmez ekolojik, ekonomik, sosyal ve sa\u011fl\u0131k faydalar\u0131 sunarlar.<\/p>\n<p style=\"text-align: justify;\">ENKA olarak, do\u011fay\u0131 korumaya ve daha temiz, daha sa\u011fl\u0131kl\u0131 bir \u00e7evreyi s\u00fcrd\u00fcrmeye b\u00fcy\u00fck \u00f6nem veriyoruz. \u015eehir ormanlar\u0131m\u0131z\u0131n b\u00fcy\u00fck bir k\u0131sm\u0131n\u0131n insan kaynakl\u0131 kirlilik tehdidi alt\u0131nda oldu\u011funun bilinciyle, s\u00fcrd\u00fcr\u00fclebilir bir gelecek in\u015fa etme vizyonumuz do\u011frultusunda \u00e7evresel giri\u015fimlerimizi kararl\u0131l\u0131kla s\u00fcrd\u00fcr\u00fcyoruz.<\/p>\n<p style=\"text-align: justify;\">27 Eyl\u00fcl 2025 tarihinde, ENKA G\u00f6n\u00fcll\u00fcleri aileleriyle birlikte Belgrad Orman\u0131\u2019n\u0131 temizlemek i\u00e7in bir araya geldiler.<\/p>\n<p style=\"text-align: justify;\">Bu anlaml\u0131 etkinli\u011fe kat\u0131lan t\u00fcm g\u00f6n\u00fcll\u00fclerimize ve onlar\u0131 destekleyen ailelerine i\u00e7ten te\u015fekk\u00fcrlerimizi sunar\u0131z.<\/p>\n","protected":false},"excerpt":{"rendered":"<p>Ormanlar, karasal ekosistemler aras\u0131nda biyolojik \u00e7e\u015fitlili\u011fin en y\u00fcksek oldu\u011fu alanlard\u0131r ve iklim de\u011fi\u015fikli\u011fiyle m\u00fccadelede hayati bir rol \u00fcstlenerek paha bi\u00e7ilmez ekolojik, ekonomik, sosyal ve sa\u011fl\u0131k faydalar\u0131 sunarlar. ENKA olarak, do\u011fay\u0131 korumaya ve daha temiz, daha sa\u011fl\u0131kl\u0131 bir \u00e7evreyi s\u00fcrd\u00fcrmeye b\u00fcy\u00fck \u00f6nem veriyoruz. \u015eehir ormanlar\u0131m\u0131z\u0131n b\u00fcy\u00fck bir k\u0131sm\u0131n\u0131n insan kaynakl\u0131 kirlilik tehdidi alt\u0131nda oldu\u011funun bilinciyle, s\u00fcrd\u00fcr\u00fclebilir <a class=\"more-link\" href=\"https:\/\/www.enka.com\/sustainability\/tr\/enka-gonulluleri-belgrad-ormanini-temizliyor\/\">Continue reading <i class=\"fa fa-chevron-right\"><\/i><\/a><\/p>\n","protected":false},"author":2,"featured_media":15238,"comment_status":"closed","ping_status":"closed","sticky":false,"template":"","format":"standard","meta":{"_acf_changed":false,"inline_featured_image":false,"footnotes":""},"categories":[2547,2195],"tags":[],"class_list":["post-15242","post","type-post","status-publish","format-standard","has-post-thumbnail","hentry","category-gezegenimiz","category-proje"],"aioseo_notices":[],"acf":[],"_links":{"self":[{"href":"https:\/\/www.enka.com\/sustainability\/tr\/wp-json\/wp\/v2\/posts\/15242","targetHints":{"allow":["GET"]}}],"collection":[{"href":"https:\/\/www.enka.com\/sustainability\/tr\/wp-json\/wp\/v2\/posts"}],"about":[{"href":"https:\/\/www.enka.com\/sustainability\/tr\/wp-json\/wp\/v2\/types\/post"}],"author":[{"embeddable":true,"href":"https:\/\/www.enka.com\/sustainability\/tr\/wp-json\/wp\/v2\/users\/2"}],"replies":[{"embeddable":true,"href":"https:\/\/www.enka.com\/sustainability\/tr\/wp-json\/wp\/v2\/comments?post=15242"}],"version-history":[{"count":0,"href":"https:\/\/www.enka.com\/sustainability\/tr\/wp-json\/wp\/v2\/posts\/15242\/revisions"}],"wp:featuredmedia":[{"embeddable":true,"href":"https:\/\/www.enka.com\/sustainability\/tr\/wp-json\/wp\/v2\/media\/15238"}],"wp:attachment":[{"href":"https:\/\/www.enka.com\/sustainability\/tr\/wp-json\/wp\/v2\/media?parent=15242"}],"wp:term":[{"taxonomy":"category","embeddable":true,"href":"https:\/\/www.enka.com\/sustainability\/tr\/wp-json\/wp\/v2\/categories?post=15242"},{"taxonomy":"post_tag","embeddable":true,"href":"https:\/\/www.enka.com\/sustainability\/tr\/wp-json\/wp\/v2\/tags?post=15242"}],"curies":[{"name":"wp","href":"https:\/\/api.w.org\/{rel}","templated":true}]}}