{"id":15455,"date":"2026-02-18T13:55:48","date_gmt":"2026-02-18T10:55:48","guid":{"rendered":"https:\/\/www.enka.com\/sustainability\/enka-embarks-on-a-new-era-of-volunteering\/"},"modified":"2026-02-18T13:57:13","modified_gmt":"2026-02-18T10:57:13","slug":"enka-gonulluluk-yilina-guclu-bir-baslangic","status":"publish","type":"post","link":"https:\/\/www.enka.com\/sustainability\/tr\/enka-gonulluluk-yilina-guclu-bir-baslangic\/","title":{"rendered":"ENKA G\u00f6n\u00fcll\u00fcl\u00fck Y\u0131l\u0131na G\u00fc\u00e7l\u00fc Bir Ba\u015flang\u0131\u00e7"},"content":{"rendered":"<div class=\"clearfix\" style=\"height: 20px\"><\/div>\n<p style=\"text-align: justify;\">Bu y\u0131l Birle\u015fmi\u015f Milletler taraf\u0131ndan G\u00f6n\u00fcll\u00fcl\u00fck Y\u0131l\u0131 ilan edildi ve biz de ENKA olarak g\u00f6n\u00fcll\u00fcl\u00fck \u00e7al\u0131\u015fmalar\u0131m\u0131zda yeni bir d\u00f6neme giriyoruz. Payla\u015f\u0131ld\u0131k\u00e7a \u00e7o\u011falan de\u011ferler anlay\u0131\u015f\u0131yla; bu y\u0131l g\u00f6n\u00fcll\u00fcl\u00fck faaliyetlerimizi dezavantajl\u0131 gruplar, \u00e7evre ve e\u011fitim alanlar\u0131nda yo\u011funla\u015ft\u0131rmay\u0131 hedefliyoruz.<\/p>\n<p>ENKA G\u00f6n\u00fcll\u00fcleri bu yolculuktaki ilk \u00e7al\u0131\u015fmas\u0131n\u0131 14 \u015eubat Cumartesi g\u00fcn\u00fc, Kad\u0131n Eme\u011fini De\u011ferlendirme Vakf\u0131 (KEDV)\u2019in Nah\u0131l \u0130leri D\u00f6n\u00fc\u015f\u00fcm Park\u0131\u2019nda ger\u00e7ekle\u015ftirdi. G\u00f6n\u00fcll\u00fclerimiz, ba\u011f\u0131\u015flanan tekstil \u00fcr\u00fcnlerinin ma\u011fazada sat\u0131\u015fa haz\u0131r hale getirilmesini sa\u011flamak \u00fczere \u00e7al\u0131\u015ft\u0131. Ma\u011fazan\u0131n t\u00fcm gelirlerini, deste\u011fe ihtiya\u00e7 duyan kad\u0131nlar\u0131n topluma ve ekonomiye kazand\u0131r\u0131lmas\u0131na y\u00f6nlendiren KEDV\u2019in bu anlaml\u0131 projesine destek olmaktan mutluluk duyuyoruz.<\/p>\n<p style=\"text-align: justify;\">ENKA olarak, toplumsal duyarl\u0131l\u0131klar\u0131 ve k\u0131ymetli katk\u0131lar\u0131 i\u00e7in g\u00f6n\u00fcll\u00fclerimize i\u00e7tenlikle te\u015fekk\u00fcr ediyor; g\u00f6n\u00fcll\u00fcl\u00fck k\u00fclt\u00fcr\u00fcn\u00fc birlikte b\u00fcy\u00fctmeyi s\u00fcrd\u00fcr\u00fcyoruz.<\/p>\n","protected":false},"excerpt":{"rendered":"<p>Bu y\u0131l Birle\u015fmi\u015f Milletler taraf\u0131ndan G\u00f6n\u00fcll\u00fcl\u00fck Y\u0131l\u0131 ilan edildi ve biz de ENKA olarak g\u00f6n\u00fcll\u00fcl\u00fck \u00e7al\u0131\u015fmalar\u0131m\u0131zda yeni bir d\u00f6neme giriyoruz. Payla\u015f\u0131ld\u0131k\u00e7a \u00e7o\u011falan de\u011ferler anlay\u0131\u015f\u0131yla; bu y\u0131l g\u00f6n\u00fcll\u00fcl\u00fck faaliyetlerimizi dezavantajl\u0131 gruplar, \u00e7evre ve e\u011fitim alanlar\u0131nda yo\u011funla\u015ft\u0131rmay\u0131 hedefliyoruz. ENKA G\u00f6n\u00fcll\u00fcleri bu yolculuktaki ilk \u00e7al\u0131\u015fmas\u0131n\u0131 14 \u015eubat Cumartesi g\u00fcn\u00fc, Kad\u0131n Eme\u011fini De\u011ferlendirme Vakf\u0131 (KEDV)\u2019in Nah\u0131l \u0130leri D\u00f6n\u00fc\u015f\u00fcm Park\u0131\u2019nda <a class=\"more-link\" href=\"https:\/\/www.enka.com\/sustainability\/tr\/enka-gonulluluk-yilina-guclu-bir-baslangic\/\">Continue reading <i class=\"fa fa-chevron-right\"><\/i><\/a><\/p>\n","protected":false},"author":2,"featured_media":15456,"comment_status":"closed","ping_status":"closed","sticky":false,"template":"","format":"standard","meta":{"_acf_changed":false,"inline_featured_image":false,"footnotes":""},"categories":[2546],"tags":[],"class_list":["post-15455","post","type-post","status-publish","format-standard","has-post-thumbnail","hentry","category-calisanlarimiz-ve-toplum"],"aioseo_notices":[],"acf":[],"_links":{"self":[{"href":"https:\/\/www.enka.com\/sustainability\/tr\/wp-json\/wp\/v2\/posts\/15455","targetHints":{"allow":["GET"]}}],"collection":[{"href":"https:\/\/www.enka.com\/sustainability\/tr\/wp-json\/wp\/v2\/posts"}],"about":[{"href":"https:\/\/www.enka.com\/sustainability\/tr\/wp-json\/wp\/v2\/types\/post"}],"author":[{"embeddable":true,"href":"https:\/\/www.enka.com\/sustainability\/tr\/wp-json\/wp\/v2\/users\/2"}],"replies":[{"embeddable":true,"href":"https:\/\/www.enka.com\/sustainability\/tr\/wp-json\/wp\/v2\/comments?post=15455"}],"version-history":[{"count":0,"href":"https:\/\/www.enka.com\/sustainability\/tr\/wp-json\/wp\/v2\/posts\/15455\/revisions"}],"wp:featuredmedia":[{"embeddable":true,"href":"https:\/\/www.enka.com\/sustainability\/tr\/wp-json\/wp\/v2\/media\/15456"}],"wp:attachment":[{"href":"https:\/\/www.enka.com\/sustainability\/tr\/wp-json\/wp\/v2\/media?parent=15455"}],"wp:term":[{"taxonomy":"category","embeddable":true,"href":"https:\/\/www.enka.com\/sustainability\/tr\/wp-json\/wp\/v2\/categories?post=15455"},{"taxonomy":"post_tag","embeddable":true,"href":"https:\/\/www.enka.com\/sustainability\/tr\/wp-json\/wp\/v2\/tags?post=15455"}],"curies":[{"name":"wp","href":"https:\/\/api.w.org\/{rel}","templated":true}]}}