{"id":4099,"date":"2019-05-22T09:16:32","date_gmt":"2019-05-22T06:16:32","guid":{"rendered":"https:\/\/www.enka.com\/sustainability\/happy-international-day-for-biological-diversity\/"},"modified":"2020-03-12T17:58:40","modified_gmt":"2020-03-12T14:58:40","slug":"uluslararasi-biyolojik-cesitlilik-gunu-kutlu-olsun","status":"publish","type":"post","link":"https:\/\/www.enka.com\/sustainability\/tr\/uluslararasi-biyolojik-cesitlilik-gunu-kutlu-olsun\/","title":{"rendered":"Uluslararas\u0131 Biyolojik \u00c7e\u015fitlilik G\u00fcn\u00fc kutlu olsun!"},"content":{"rendered":"<p>\u0130nsanl\u0131k i\u00e7in sa\u011fl\u0131kl\u0131 ekosistemlerin hayati \u00f6nem ta\u015f\u0131d\u0131\u011f\u0131n\u0131n bilincinde olarak; biyo\u00e7e\u015fitlili\u011fi yaln\u0131zca bug\u00fcn de\u011fil, y\u0131l\u0131n her g\u00fcn\u00fcnde korumay\u0131 taahh\u00fct ediyoruz.\u00a0Bu ama\u00e7la, Biyo\u00e7e\u015fitlili\u011fin Korunmas\u0131 Politikam\u0131z do\u011frultusunda t\u00fcm faaliyetlerimizde mevcut flora ve faunay\u0131 korumak ve etkilerimizi y\u00f6netmek i\u00e7in \u00f6nlemler al\u0131yor, sivil toplum kurulu\u015flar\u0131yla ortak \u00e7al\u0131\u015fmalar y\u00fcr\u00fct\u00fcyor ve \u00e7al\u0131\u015fanlar\u0131m\u0131z ile i\u015f ortaklar\u0131m\u0131zla e\u011fitimler ger\u00e7ekle\u015ftiriyoruz.<\/p>\n<p>Uluslararas\u0131 Biyolojik \u00c7e\u015fitlilik G\u00fcn\u00fc kutlu olsun!<\/p>\n","protected":false},"excerpt":{"rendered":"<p>\u0130nsanl\u0131k i\u00e7in sa\u011fl\u0131kl\u0131 ekosistemlerin hayati \u00f6nem ta\u015f\u0131d\u0131\u011f\u0131n\u0131n bilincinde olarak; biyo\u00e7e\u015fitlili\u011fi yaln\u0131zca bug\u00fcn de\u011fil, y\u0131l\u0131n her g\u00fcn\u00fcnde korumay\u0131 taahh\u00fct ediyoruz.\u00a0Bu ama\u00e7la, Biyo\u00e7e\u015fitlili\u011fin Korunmas\u0131 Politikam\u0131z do\u011frultusunda t\u00fcm faaliyetlerimizde mevcut flora ve faunay\u0131 korumak ve etkilerimizi y\u00f6netmek i\u00e7in \u00f6nlemler al\u0131yor, sivil toplum kurulu\u015flar\u0131yla ortak \u00e7al\u0131\u015fmalar y\u00fcr\u00fct\u00fcyor ve \u00e7al\u0131\u015fanlar\u0131m\u0131z ile i\u015f ortaklar\u0131m\u0131zla e\u011fitimler ger\u00e7ekle\u015ftiriyoruz. Uluslararas\u0131 Biyolojik \u00c7e\u015fitlilik G\u00fcn\u00fc kutlu <a class=\"more-link\" href=\"https:\/\/www.enka.com\/sustainability\/tr\/uluslararasi-biyolojik-cesitlilik-gunu-kutlu-olsun\/\">Continue reading <i class=\"fa fa-chevron-right\"><\/i><\/a><\/p>\n","protected":false},"author":1,"featured_media":4095,"comment_status":"closed","ping_status":"closed","sticky":false,"template":"","format":"standard","meta":{"_acf_changed":false,"inline_featured_image":false,"footnotes":""},"categories":[29],"tags":[1914,2253,1879,2011],"class_list":["post-4099","post","type-post","status-publish","format-standard","has-post-thumbnail","hentry","category-cevresel-etkiyi-azaltmak","tag-enkaconstruction-tr","tag-cevresel-etkiyi-azaltmak","tag-enka-tr","tag-internationaldayforbiologicaldiversity-tr"],"aioseo_notices":[],"acf":[],"_links":{"self":[{"href":"https:\/\/www.enka.com\/sustainability\/tr\/wp-json\/wp\/v2\/posts\/4099","targetHints":{"allow":["GET"]}}],"collection":[{"href":"https:\/\/www.enka.com\/sustainability\/tr\/wp-json\/wp\/v2\/posts"}],"about":[{"href":"https:\/\/www.enka.com\/sustainability\/tr\/wp-json\/wp\/v2\/types\/post"}],"author":[{"embeddable":true,"href":"https:\/\/www.enka.com\/sustainability\/tr\/wp-json\/wp\/v2\/users\/1"}],"replies":[{"embeddable":true,"href":"https:\/\/www.enka.com\/sustainability\/tr\/wp-json\/wp\/v2\/comments?post=4099"}],"version-history":[{"count":0,"href":"https:\/\/www.enka.com\/sustainability\/tr\/wp-json\/wp\/v2\/posts\/4099\/revisions"}],"wp:featuredmedia":[{"embeddable":true,"href":"https:\/\/www.enka.com\/sustainability\/tr\/wp-json\/wp\/v2\/media\/4095"}],"wp:attachment":[{"href":"https:\/\/www.enka.com\/sustainability\/tr\/wp-json\/wp\/v2\/media?parent=4099"}],"wp:term":[{"taxonomy":"category","embeddable":true,"href":"https:\/\/www.enka.com\/sustainability\/tr\/wp-json\/wp\/v2\/categories?post=4099"},{"taxonomy":"post_tag","embeddable":true,"href":"https:\/\/www.enka.com\/sustainability\/tr\/wp-json\/wp\/v2\/tags?post=4099"}],"curies":[{"name":"wp","href":"https:\/\/api.w.org\/{rel}","templated":true}]}}