{"id":4389,"date":"2019-06-14T19:35:28","date_gmt":"2019-06-14T16:35:28","guid":{"rendered":"https:\/\/www.enka.com\/sustainability\/enka-sustainability-report-2018-has-been-published\/"},"modified":"2020-03-12T18:00:47","modified_gmt":"2020-03-12T15:00:47","slug":"enka-2018-surdurulebilirlik-raporu-yayimlandi","status":"publish","type":"post","link":"https:\/\/www.enka.com\/sustainability\/tr\/enka-2018-surdurulebilirlik-raporu-yayimlandi\/","title":{"rendered":"ENKA 2018 S\u00fcrd\u00fcr\u00fclebilirlik Raporu yay\u0131mland\u0131!"},"content":{"rendered":"<div class=\"wpb-content-wrapper\"><p>ENKA 2018 S\u00fcrd\u00fcr\u00fclebilirlik Raporu yay\u0131mland\u0131!<\/p>\n<p>Birle\u015fmi\u015f Milletler K\u00fcresel \u0130lkeler S\u00f6zle\u015fmesi&#8217;nin imzac\u0131s\u0131 olarak ba\u015flad\u0131\u011f\u0131m\u0131z s\u00fcrd\u00fcr\u00fclebilirlik y\u00f6netimi \u00e7al\u0131\u015fmalar\u0131m\u0131z kapsam\u0131nda; \u00e7evre, toplum ve \u00e7al\u0131\u015fanlar\u0131m\u0131z dahil t\u00fcm de\u011fer zincirimizde yaratt\u0131\u011f\u0131m\u0131z etkiyi \u015feffaf bir \u015fekilde payla\u015fmak \u00fczere haz\u0131rlanan ikinci S\u00fcrd\u00fcr\u00fclebilirlik Raporu&#8217;muzu sizlerle payla\u015fmaktan memnuniyet duyar\u0131z.<\/p>\n<p><a href=\"https:\/\/www.enka.com\/sustainability\/tr\/2018-raporu\/\">https:\/\/www.enka.com\/sustainability\/tr\/2018-raporu\/<\/a><\/p>\n<p>#sustainability #sustainabilityreport #CSR #ESG #sustainablebusiness #SDGs #globalgoals #UNGC #globalcompact #enkacares[vc_row][vc_column][vc_single_image image=&#8221;5165&#8243; img_size=&#8221;full&#8221; alignment=&#8221;center&#8221; style=&#8221;vc_box_border&#8221;][\/vc_column][\/vc_row]\n<\/div>","protected":false},"excerpt":{"rendered":"<p>ENKA 2018 S\u00fcrd\u00fcr\u00fclebilirlik Raporu yay\u0131mland\u0131! Birle\u015fmi\u015f Milletler K\u00fcresel \u0130lkeler S\u00f6zle\u015fmesi&#8217;nin imzac\u0131s\u0131 olarak ba\u015flad\u0131\u011f\u0131m\u0131z s\u00fcrd\u00fcr\u00fclebilirlik y\u00f6netimi \u00e7al\u0131\u015fmalar\u0131m\u0131z kapsam\u0131nda; \u00e7evre, toplum ve \u00e7al\u0131\u015fanlar\u0131m\u0131z dahil t\u00fcm de\u011fer zincirimizde yaratt\u0131\u011f\u0131m\u0131z etkiyi \u015feffaf bir \u015fekilde payla\u015fmak \u00fczere haz\u0131rlanan ikinci S\u00fcrd\u00fcr\u00fclebilirlik Raporu&#8217;muzu sizlerle payla\u015fmaktan memnuniyet duyar\u0131z. https:\/\/www.enka.com\/sustainability\/tr\/2018-raporu\/ #sustainability #sustainabilityreport #CSR #ESG #sustainablebusiness #SDGs #globalgoals #UNGC #globalcompact #enkacares[vc_row][vc_column][vc_single_image image=&#8221;5165&#8243; img_size=&#8221;full&#8221; alignment=&#8221;center&#8221; style=&#8221;vc_box_border&#8221;][\/vc_column][\/vc_row]<\/p>\n","protected":false},"author":1,"featured_media":4386,"comment_status":"closed","ping_status":"closed","sticky":false,"template":"","format":"standard","meta":{"_acf_changed":false,"inline_featured_image":false,"footnotes":""},"categories":[27,29,25,26,28],"tags":[2021,2253,2252,2251],"class_list":["post-4389","post","type-post","status-publish","format-standard","has-post-thumbnail","hentry","category-calisana-deger-vermek","category-cevresel-etkiyi-azaltmak","category-hepsi","category-isi-iyi-ve-dogru-yapmak","category-toplumu-kalkindirmak","tag-sustainability-sustainabilityreport-csr-esg-sustainablebusiness-sdgs-globalgoals-ungc-globalcompact-enkacares-tr","tag-cevresel-etkiyi-azaltmak","tag-isi-iyi-ve-dogru-yapmak","tag-toplumu-kalkindirmak"],"aioseo_notices":[],"acf":[],"_links":{"self":[{"href":"https:\/\/www.enka.com\/sustainability\/tr\/wp-json\/wp\/v2\/posts\/4389","targetHints":{"allow":["GET"]}}],"collection":[{"href":"https:\/\/www.enka.com\/sustainability\/tr\/wp-json\/wp\/v2\/posts"}],"about":[{"href":"https:\/\/www.enka.com\/sustainability\/tr\/wp-json\/wp\/v2\/types\/post"}],"author":[{"embeddable":true,"href":"https:\/\/www.enka.com\/sustainability\/tr\/wp-json\/wp\/v2\/users\/1"}],"replies":[{"embeddable":true,"href":"https:\/\/www.enka.com\/sustainability\/tr\/wp-json\/wp\/v2\/comments?post=4389"}],"version-history":[{"count":0,"href":"https:\/\/www.enka.com\/sustainability\/tr\/wp-json\/wp\/v2\/posts\/4389\/revisions"}],"wp:featuredmedia":[{"embeddable":true,"href":"https:\/\/www.enka.com\/sustainability\/tr\/wp-json\/wp\/v2\/media\/4386"}],"wp:attachment":[{"href":"https:\/\/www.enka.com\/sustainability\/tr\/wp-json\/wp\/v2\/media?parent=4389"}],"wp:term":[{"taxonomy":"category","embeddable":true,"href":"https:\/\/www.enka.com\/sustainability\/tr\/wp-json\/wp\/v2\/categories?post=4389"},{"taxonomy":"post_tag","embeddable":true,"href":"https:\/\/www.enka.com\/sustainability\/tr\/wp-json\/wp\/v2\/tags?post=4389"}],"curies":[{"name":"wp","href":"https:\/\/api.w.org\/{rel}","templated":true}]}}