{"id":4814,"date":"2017-11-30T15:36:37","date_gmt":"2017-11-30T12:36:37","guid":{"rendered":"https:\/\/www.enka.com\/sustainability\/a-collaboration-between-enka-and-cekul-was-initiated-for-green-office-implementations\/"},"modified":"2020-03-12T17:58:49","modified_gmt":"2020-03-12T14:58:49","slug":"enka-ve-cekul-yesil-ofis-uygulamalarina-baslanmistir","status":"publish","type":"post","link":"https:\/\/www.enka.com\/sustainability\/tr\/enka-ve-cekul-yesil-ofis-uygulamalarina-baslanmistir\/","title":{"rendered":"ENKA ve \u00c7EK\u00dcL Ye\u015fil Ofis uygulamalar\u0131na ba\u015flanm\u0131\u015ft\u0131r"},"content":{"rendered":"<p>ENKA S\u00fcrd\u00fcr\u00fclebilirlik \u00c7al\u0131\u015fmalar\u0131 b\u00fcnyesinde, \u00c7EK\u00dcL (\u00c7evre ve K\u00fclt\u00fcr De\u011ferlerini Koruma ve Tan\u0131tma Vakf\u0131) ile y\u00fcr\u00fct\u00fclm\u00fc\u015ft\u00fcr; Ye\u015fil Ofis Uygulamalar\u0131na ilk olarak ENKA Merkez Ofis, \u00c7\u0130MTA\u015e ve ENKA Okullar\u0131 (Adapazar\u0131, Kocaeli, \u0130stanbul) lokasyonlar\u0131nda ba\u015flanm\u0131\u015ft\u0131r. Bu do\u011frultuda her lokasyonda d\u00fczenlecek e\u011fitimler ile g\u00f6n\u00fcll\u00fcl\u00fck esas\u0131na dayal\u0131 \u00e7al\u0131\u015fma gruplar\u0131 olu\u015fturulmu\u015f ve \u00e7al\u0131\u015fmalar bu gruplar ile i\u015f birli\u011fi i\u00e7erisinde y\u00fcr\u00fct\u00fclm\u00fc\u015ft\u00fcr.<\/p>\n","protected":false},"excerpt":{"rendered":"<p>ENKA S\u00fcrd\u00fcr\u00fclebilirlik \u00c7al\u0131\u015fmalar\u0131 b\u00fcnyesinde, \u00c7EK\u00dcL (\u00c7evre ve K\u00fclt\u00fcr De\u011ferlerini Koruma ve Tan\u0131tma Vakf\u0131) ile y\u00fcr\u00fct\u00fclm\u00fc\u015ft\u00fcr; Ye\u015fil Ofis Uygulamalar\u0131na ilk olarak ENKA Merkez Ofis, \u00c7\u0130MTA\u015e ve ENKA Okullar\u0131 (Adapazar\u0131, Kocaeli, \u0130stanbul) lokasyonlar\u0131nda ba\u015flanm\u0131\u015ft\u0131r. Bu do\u011frultuda her lokasyonda d\u00fczenlecek e\u011fitimler ile g\u00f6n\u00fcll\u00fcl\u00fck esas\u0131na dayal\u0131 \u00e7al\u0131\u015fma gruplar\u0131 olu\u015fturulmu\u015f ve \u00e7al\u0131\u015fmalar bu gruplar ile i\u015f birli\u011fi i\u00e7erisinde y\u00fcr\u00fct\u00fclm\u00fc\u015ft\u00fcr.<\/p>\n","protected":false},"author":1,"featured_media":5355,"comment_status":"closed","ping_status":"closed","sticky":false,"template":"","format":"standard","meta":{"_acf_changed":false,"inline_featured_image":false,"footnotes":""},"categories":[29],"tags":[1974,2062,2253,2135],"class_list":["post-4814","post","type-post","status-publish","format-standard","has-post-thumbnail","hentry","category-cevresel-etkiyi-azaltmak","tag-cimtas-tr","tag-cekul-tr","tag-cevresel-etkiyi-azaltmak","tag-tarihce"],"aioseo_notices":[],"acf":[],"_links":{"self":[{"href":"https:\/\/www.enka.com\/sustainability\/tr\/wp-json\/wp\/v2\/posts\/4814","targetHints":{"allow":["GET"]}}],"collection":[{"href":"https:\/\/www.enka.com\/sustainability\/tr\/wp-json\/wp\/v2\/posts"}],"about":[{"href":"https:\/\/www.enka.com\/sustainability\/tr\/wp-json\/wp\/v2\/types\/post"}],"author":[{"embeddable":true,"href":"https:\/\/www.enka.com\/sustainability\/tr\/wp-json\/wp\/v2\/users\/1"}],"replies":[{"embeddable":true,"href":"https:\/\/www.enka.com\/sustainability\/tr\/wp-json\/wp\/v2\/comments?post=4814"}],"version-history":[{"count":0,"href":"https:\/\/www.enka.com\/sustainability\/tr\/wp-json\/wp\/v2\/posts\/4814\/revisions"}],"wp:featuredmedia":[{"embeddable":true,"href":"https:\/\/www.enka.com\/sustainability\/tr\/wp-json\/wp\/v2\/media\/5355"}],"wp:attachment":[{"href":"https:\/\/www.enka.com\/sustainability\/tr\/wp-json\/wp\/v2\/media?parent=4814"}],"wp:term":[{"taxonomy":"category","embeddable":true,"href":"https:\/\/www.enka.com\/sustainability\/tr\/wp-json\/wp\/v2\/categories?post=4814"},{"taxonomy":"post_tag","embeddable":true,"href":"https:\/\/www.enka.com\/sustainability\/tr\/wp-json\/wp\/v2\/tags?post=4814"}],"curies":[{"name":"wp","href":"https:\/\/api.w.org\/{rel}","templated":true}]}}