{"id":8331,"date":"2020-06-26T13:32:25","date_gmt":"2020-06-26T10:32:25","guid":{"rendered":"https:\/\/www.enka.com\/sustainability\/?p=8331"},"modified":"2020-06-26T13:32:25","modified_gmt":"2020-06-26T10:32:25","slug":"gunes-enerjisi-projesi","status":"publish","type":"post","link":"https:\/\/www.enka.com\/sustainability\/tr\/gunes-enerjisi-projesi\/","title":{"rendered":"G\u00fcne\u015f Enerjisi Projesi"},"content":{"rendered":"<div class=\"wpb-content-wrapper\">[vc_row][vc_column][vc_column_text]\n<p style=\"text-align: justify;\">D\u00fcnyay\u0131 etkisi alt\u0131na alan pandeminin yan\u0131 s\u0131ra ya\u015fanan ekstrem do\u011fa olaylar\u0131; bizlere t\u00fcm bireylerin ve kurumlar\u0131n do\u011faya kar\u015f\u0131 sorumluluklar\u0131n\u0131 ve iklim de\u011fi\u015fikli\u011fiyle m\u00fccadelenin \u00f6nemini yeniden hat\u0131rlat\u0131yor. Biz, bu sorumlulu\u011fumuzun bilincinde olarak; ENKA Okullar\u0131 \u00f6\u011frencilerinin de ayn\u0131 bilin\u00e7le yeti\u015fmesi i\u00e7in \u00e7al\u0131\u015f\u0131yoruz. ENKA S\u00fcrd\u00fcr\u00fclebilirlik Hedefleri kapsam\u0131nda, ENKA Okullar\u0131 Kocaeli \u00f6\u011frencileri taraf\u0131ndan planlanan g\u00fcne\u015f enerjisi projesi, panellerin yerle\u015fece\u011fi zeminin haz\u0131rlanmas\u0131 \u00e7al\u0131\u015fmalar\u0131yla ba\u015flad\u0131. Yeni e\u011fitim-\u00f6\u011fretim y\u0131l\u0131 ba\u015flang\u0131c\u0131ndan \u00f6nce devreye al\u0131nacak proje ile okulun yemekhanesinin \u00fczeri g\u00fcne\u015f panelleri ile kaplanarak, okulun enerji ihtiyac\u0131n\u0131n \u00f6nemli bir b\u00f6l\u00fcm\u00fcn\u00fcn yenilenebilir enerjiyle kar\u015f\u0131lanmas\u0131 sa\u011flanacakt\u0131r.<\/p>\n[\/vc_column_text][\/vc_column][\/vc_row]\n<\/div>","protected":false},"excerpt":{"rendered":"<p>[vc_row][vc_column][vc_column_text] D\u00fcnyay\u0131 etkisi alt\u0131na alan pandeminin yan\u0131 s\u0131ra ya\u015fanan ekstrem do\u011fa olaylar\u0131; bizlere t\u00fcm bireylerin ve kurumlar\u0131n do\u011faya kar\u015f\u0131 sorumluluklar\u0131n\u0131 ve iklim de\u011fi\u015fikli\u011fiyle m\u00fccadelenin \u00f6nemini yeniden hat\u0131rlat\u0131yor. Biz, bu sorumlulu\u011fumuzun bilincinde olarak; ENKA Okullar\u0131 \u00f6\u011frencilerinin de ayn\u0131 bilin\u00e7le yeti\u015fmesi i\u00e7in \u00e7al\u0131\u015f\u0131yoruz. ENKA S\u00fcrd\u00fcr\u00fclebilirlik Hedefleri kapsam\u0131nda, ENKA Okullar\u0131 Kocaeli \u00f6\u011frencileri taraf\u0131ndan planlanan g\u00fcne\u015f enerjisi projesi, panellerin <a class=\"more-link\" href=\"https:\/\/www.enka.com\/sustainability\/tr\/gunes-enerjisi-projesi\/\">Continue reading <i class=\"fa fa-chevron-right\"><\/i><\/a><\/p>\n","protected":false},"author":1,"featured_media":8334,"comment_status":"closed","ping_status":"closed","sticky":false,"template":"","format":"standard","meta":{"_acf_changed":false,"inline_featured_image":false,"footnotes":""},"categories":[29],"tags":[1879,2000,1901,2022,1902],"class_list":["post-8331","post","type-post","status-publish","format-standard","has-post-thumbnail","hentry","category-cevresel-etkiyi-azaltmak","tag-enka-tr","tag-enkaokullari-tr","tag-enkaschools-tr","tag-enkasurdurulebilirlik","tag-enkasustainability-tr"],"aioseo_notices":[],"acf":[],"_links":{"self":[{"href":"https:\/\/www.enka.com\/sustainability\/tr\/wp-json\/wp\/v2\/posts\/8331","targetHints":{"allow":["GET"]}}],"collection":[{"href":"https:\/\/www.enka.com\/sustainability\/tr\/wp-json\/wp\/v2\/posts"}],"about":[{"href":"https:\/\/www.enka.com\/sustainability\/tr\/wp-json\/wp\/v2\/types\/post"}],"author":[{"embeddable":true,"href":"https:\/\/www.enka.com\/sustainability\/tr\/wp-json\/wp\/v2\/users\/1"}],"replies":[{"embeddable":true,"href":"https:\/\/www.enka.com\/sustainability\/tr\/wp-json\/wp\/v2\/comments?post=8331"}],"version-history":[{"count":0,"href":"https:\/\/www.enka.com\/sustainability\/tr\/wp-json\/wp\/v2\/posts\/8331\/revisions"}],"wp:featuredmedia":[{"embeddable":true,"href":"https:\/\/www.enka.com\/sustainability\/tr\/wp-json\/wp\/v2\/media\/8334"}],"wp:attachment":[{"href":"https:\/\/www.enka.com\/sustainability\/tr\/wp-json\/wp\/v2\/media?parent=8331"}],"wp:term":[{"taxonomy":"category","embeddable":true,"href":"https:\/\/www.enka.com\/sustainability\/tr\/wp-json\/wp\/v2\/categories?post=8331"},{"taxonomy":"post_tag","embeddable":true,"href":"https:\/\/www.enka.com\/sustainability\/tr\/wp-json\/wp\/v2\/tags?post=8331"}],"curies":[{"name":"wp","href":"https:\/\/api.w.org\/{rel}","templated":true}]}}