{"id":9310,"date":"2020-09-25T16:44:57","date_gmt":"2020-09-25T13:44:57","guid":{"rendered":"https:\/\/www.enka.com\/sustainability\/statement-from-business-leaders-for-renewed-global-cooperation\/"},"modified":"2020-09-28T11:55:15","modified_gmt":"2020-09-28T08:55:15","slug":"yenilenen-kuresel-isbirligi-icin-ceo-bildirisi","status":"publish","type":"post","link":"https:\/\/www.enka.com\/sustainability\/tr\/yenilenen-kuresel-isbirligi-icin-ceo-bildirisi\/","title":{"rendered":"Yenilenen K\u00fcresel \u0130\u015fbirli\u011fi i\u00e7in CEO Bildirisi"},"content":{"rendered":"<div class=\"clearfix\" style=\"height: 15px\"><\/div>United Nations Global Compact\u2019in \u015firketleri k\u00fcresel riskler kar\u015f\u0131s\u0131nda uluslararas\u0131 i\u015fbirli\u011fine ve kapsay\u0131c\u0131 \u00e7ok tarafl\u0131l\u0131\u011fa destek olmaya \u00e7a\u011f\u0131rd\u0131\u011f\u0131 \u201cYenilenen K\u00fcresel \u0130\u015fbirli\u011fi i\u00e7in CEO Bildirisi\u201dni T\u00fcrkiye\u2019den imzalayan CEO\u2019lar aras\u0131nda ENKA Genel M\u00fcd\u00fcr\u00fc ve \u0130cra Kurulu Ba\u015fkan\u0131 Mehmet Tara da yer alarak k\u00fcresel i\u015fbirli\u011fini destekledi\u011fimizi beyan etmi\u015ftir.<\/p>\n<p>United Nations Global Compact Uniting Business Activity: <a href=\"https:\/\/www.linkedin.com\/posts\/united-nations-global-compact_unitingbusiness-activity-6713778296531824640-s08D\" target=\"_blank\" rel=\"noopener noreferrer\">https:\/\/www.linkedin.com\/posts\/united-nations-global-compact_unitingbusiness-activity-6713778296531824640-s08D<\/a><\/p>\n","protected":false},"excerpt":{"rendered":"<p>United Nations Global Compact\u2019in \u015firketleri k\u00fcresel riskler kar\u015f\u0131s\u0131nda uluslararas\u0131 i\u015fbirli\u011fine ve kapsay\u0131c\u0131 \u00e7ok tarafl\u0131l\u0131\u011fa destek olmaya \u00e7a\u011f\u0131rd\u0131\u011f\u0131 \u201cYenilenen K\u00fcresel \u0130\u015fbirli\u011fi i\u00e7in CEO Bildirisi\u201dni T\u00fcrkiye\u2019den imzalayan CEO\u2019lar aras\u0131nda ENKA Genel M\u00fcd\u00fcr\u00fc ve \u0130cra Kurulu Ba\u015fkan\u0131 Mehmet Tara da yer alarak k\u00fcresel i\u015fbirli\u011fini destekledi\u011fimizi beyan etmi\u015ftir. United Nations Global Compact Uniting Business Activity: https:\/\/www.linkedin.com\/posts\/united-nations-global-compact_unitingbusiness-activity-6713778296531824640-s08D<\/p>\n","protected":false},"author":1,"featured_media":9306,"comment_status":"closed","ping_status":"closed","sticky":false,"template":"","format":"standard","meta":{"_acf_changed":false,"rs_blank_template":"","rs_page_bg_color":"","slide_template_v7":"","inline_featured_image":false,"footnotes":""},"categories":[26],"tags":[1914,2294,2295],"class_list":["post-9310","post","type-post","status-publish","format-standard","has-post-thumbnail","hentry","category-isi-iyi-ve-dogru-yapmak","tag-enkaconstruction-tr","tag-unitednationsglobalcompact-tr","tag-unitingbusiness-tr"],"aioseo_notices":[],"aioseo_head":"\n\t\t<!-- All in One SEO 5.0.1.1 - aioseo.com -->\n\t<meta name=\"description\" content=\"United Nations Global Compact\u2019in \u015firketleri k\u00fcresel riskler kar\u015f\u0131s\u0131nda uluslararas\u0131 i\u015fbirli\u011fine ve kapsay\u0131c\u0131 \u00e7ok tarafl\u0131l\u0131\u011fa destek olmaya \u00e7a\u011f\u0131rd\u0131\u011f\u0131 \u201cYenilenen K\u00fcresel \u0130\u015fbirli\u011fi i\u00e7in CEO Bildirisi\u201dni T\u00fcrkiye\u2019den imzalayan CEO\u2019lar aras\u0131nda ENKA Genel M\u00fcd\u00fcr\u00fc ve \u0130cra Kurulu Ba\u015fkan\u0131 Mehmet Tara da yer alarak k\u00fcresel i\u015fbirli\u011fini destekledi\u011fimizi beyan etmi\u015ftir.\" \/>\n\t<meta name=\"robots\" content=\"max-image-preview:large\" \/>\n\t<meta name=\"author\" content=\"admin\"\/>\n\t<meta name=\"google-site-verification\" content=\"UQ-k7hcOVZluZene7_iGgI7iewEm4fFqYkW4KY9-n28\" \/>\n\t<meta name=\"keywords\" content=\"#enkaconstruction,unitednationsglobalcompact,unitingbusiness,i\u0307\u015fi i\u0307yi ve do\u011fru yapmak\" \/>\n\t<link rel=\"canonical\" href=\"https:\/\/www.enka.com\/sustainability\/tr\/yenilenen-kuresel-isbirligi-icin-ceo-bildirisi\/\" \/>\n\t<meta name=\"generator\" content=\"All in One SEO (AIOSEO) 5.0.1.1\" \/>\n\n\t\t<!-- Google tag (gtag.js) -->\n<script async src=\"https:\/\/www.googletagmanager.com\/gtag\/js?id=G-NQHTTC6MQB\"><\/script>\n<script>\n  window.dataLayer = window.dataLayer || [];\n  function gtag(){dataLayer.push(arguments);}\n  gtag('js', new Date());\n\n  gtag('config', 'G-NQHTTC6MQB');\n<\/script>\n\t\t<meta property=\"og:locale\" content=\"tr_TR\" \/>\n\t\t<meta property=\"og:site_name\" content=\"ENKA \u0130n\u015faat ve Sanayi A.\u015e.\" \/>\n\t\t<meta property=\"og:type\" content=\"article\" \/>\n\t\t<meta property=\"og:title\" content=\"Yenilenen K\u00fcresel \u0130\u015fbirli\u011fi i\u00e7in CEO Bildirisi | ENKA \u0130n\u015faat ve Sanayi A.\u015e.\" \/>\n\t\t<meta property=\"og:description\" content=\"United Nations Global Compact\u2019in \u015firketleri k\u00fcresel riskler kar\u015f\u0131s\u0131nda uluslararas\u0131 i\u015fbirli\u011fine ve kapsay\u0131c\u0131 \u00e7ok tarafl\u0131l\u0131\u011fa destek olmaya \u00e7a\u011f\u0131rd\u0131\u011f\u0131 \u201cYenilenen K\u00fcresel \u0130\u015fbirli\u011fi i\u00e7in CEO Bildirisi\u201dni T\u00fcrkiye\u2019den imzalayan CEO\u2019lar aras\u0131nda ENKA Genel M\u00fcd\u00fcr\u00fc ve \u0130cra Kurulu Ba\u015fkan\u0131 Mehmet Tara da yer alarak k\u00fcresel i\u015fbirli\u011fini destekledi\u011fimizi beyan etmi\u015ftir.\" \/>\n\t\t<meta property=\"og:url\" content=\"https:\/\/www.enka.com\/sustainability\/tr\/yenilenen-kuresel-isbirligi-icin-ceo-bildirisi\/\" \/>\n\t\t<meta property=\"og:image\" content=\"https:\/\/www.enka.com\/sustainability\/wp-content\/uploads\/2020\/09\/Global-Compact.jpg\" \/>\n\t\t<meta property=\"og:image:secure_url\" content=\"https:\/\/www.enka.com\/sustainability\/wp-content\/uploads\/2020\/09\/Global-Compact.jpg\" \/>\n\t\t<meta property=\"og:image:width\" content=\"915\" \/>\n\t\t<meta property=\"og:image:height\" content=\"509\" \/>\n\t\t<meta property=\"article:published_time\" content=\"2020-09-25T13:44:57+00:00\" \/>\n\t\t<meta property=\"article:modified_time\" content=\"2020-09-28T08:55:15+00:00\" \/>\n\t\t<meta property=\"article:publisher\" content=\"https:\/\/www.facebook.com\/enkaconstruction\" \/>\n\t\t<meta name=\"twitter:card\" content=\"summary\" \/>\n\t\t<meta name=\"twitter:site\" content=\"@ENKA_Cons\" \/>\n\t\t<meta name=\"twitter:title\" content=\"Yenilenen K\u00fcresel \u0130\u015fbirli\u011fi i\u00e7in CEO Bildirisi | ENKA \u0130n\u015faat ve Sanayi A.\u015e.\" \/>\n\t\t<meta name=\"twitter:description\" content=\"United Nations Global Compact\u2019in \u015firketleri k\u00fcresel riskler kar\u015f\u0131s\u0131nda uluslararas\u0131 i\u015fbirli\u011fine ve kapsay\u0131c\u0131 \u00e7ok tarafl\u0131l\u0131\u011fa destek olmaya \u00e7a\u011f\u0131rd\u0131\u011f\u0131 \u201cYenilenen K\u00fcresel \u0130\u015fbirli\u011fi i\u00e7in CEO Bildirisi\u201dni T\u00fcrkiye\u2019den imzalayan CEO\u2019lar aras\u0131nda ENKA Genel M\u00fcd\u00fcr\u00fc ve \u0130cra Kurulu Ba\u015fkan\u0131 Mehmet Tara da yer alarak k\u00fcresel i\u015fbirli\u011fini destekledi\u011fimizi beyan etmi\u015ftir.\" \/>\n\t\t<meta name=\"twitter:image\" content=\"https:\/\/www.enka.com\/sustainability\/wp-content\/uploads\/2020\/09\/Global-Compact.jpg\" \/>\n\t\t<script type=\"application\/ld+json\" class=\"aioseo-schema\">\n\t\t\t{\"@context\":\"https:\\\/\\\/schema.org\",\"@graph\":[{\"@type\":\"Article\",\"@id\":\"https:\\\/\\\/www.enka.com\\\/sustainability\\\/tr\\\/yenilenen-kuresel-isbirligi-icin-ceo-bildirisi\\\/#article\",\"name\":\"Yenilenen K\\u00fcresel \\u0130\\u015fbirli\\u011fi i\\u00e7in CEO Bildirisi | ENKA \\u0130n\\u015faat ve Sanayi A.\\u015e.\",\"headline\":\"Yenilenen K\\u00fcresel \\u0130\\u015fbirli\\u011fi i\\u00e7in CEO Bildirisi\",\"author\":{\"@id\":\"https:\\\/\\\/www.enka.com\\\/sustainability\\\/tr\\\/author\\\/emin-yilmaz_245368_-2-2-2-2-2-2-2-2-2-2-2\\\/#author\"},\"publisher\":{\"@id\":\"https:\\\/\\\/www.enka.com\\\/sustainability\\\/tr\\\/#organization\"},\"image\":{\"@type\":\"ImageObject\",\"url\":\"https:\\\/\\\/www.enka.com\\\/sustainability\\\/wp-content\\\/uploads\\\/2020\\\/09\\\/Global-Compact.jpg\",\"width\":915,\"height\":509},\"datePublished\":\"2020-09-25T16:44:57+03:00\",\"dateModified\":\"2020-09-28T11:55:15+03:00\",\"inLanguage\":\"tr-TR\",\"mainEntityOfPage\":{\"@id\":\"https:\\\/\\\/www.enka.com\\\/sustainability\\\/tr\\\/yenilenen-kuresel-isbirligi-icin-ceo-bildirisi\\\/#webpage\"},\"isPartOf\":{\"@id\":\"https:\\\/\\\/www.enka.com\\\/sustainability\\\/tr\\\/yenilenen-kuresel-isbirligi-icin-ceo-bildirisi\\\/#webpage\"},\"articleSection\":\"\\u0130\\u015fi \\u0130yi ve Do\\u011fru Yapmak, #enkaconstruction, unitednationsglobalcompact, unitingbusiness, Optional\"},{\"@type\":\"BreadcrumbList\",\"@id\":\"https:\\\/\\\/www.enka.com\\\/sustainability\\\/tr\\\/yenilenen-kuresel-isbirligi-icin-ceo-bildirisi\\\/#breadcrumblist\",\"itemListElement\":[{\"@type\":\"ListItem\",\"@id\":\"https:\\\/\\\/www.enka.com\\\/sustainability\\\/tr\\\/#listItem\",\"position\":1,\"name\":\"Home\",\"item\":\"https:\\\/\\\/www.enka.com\\\/sustainability\\\/tr\\\/\",\"nextItem\":{\"@type\":\"ListItem\",\"@id\":\"https:\\\/\\\/www.enka.com\\\/sustainability\\\/tr\\\/category\\\/hepsi\\\/#listItem\",\"name\":\"Hepsi\"}},{\"@type\":\"ListItem\",\"@id\":\"https:\\\/\\\/www.enka.com\\\/sustainability\\\/tr\\\/category\\\/hepsi\\\/#listItem\",\"position\":2,\"name\":\"Hepsi\",\"item\":\"https:\\\/\\\/www.enka.com\\\/sustainability\\\/tr\\\/category\\\/hepsi\\\/\",\"nextItem\":{\"@type\":\"ListItem\",\"@id\":\"https:\\\/\\\/www.enka.com\\\/sustainability\\\/tr\\\/category\\\/hepsi\\\/isi-iyi-ve-dogru-yapmak\\\/#listItem\",\"name\":\"\\u0130\\u015fi \\u0130yi ve Do\\u011fru Yapmak\"},\"previousItem\":{\"@type\":\"ListItem\",\"@id\":\"https:\\\/\\\/www.enka.com\\\/sustainability\\\/tr\\\/#listItem\",\"name\":\"Home\"}},{\"@type\":\"ListItem\",\"@id\":\"https:\\\/\\\/www.enka.com\\\/sustainability\\\/tr\\\/category\\\/hepsi\\\/isi-iyi-ve-dogru-yapmak\\\/#listItem\",\"position\":3,\"name\":\"\\u0130\\u015fi \\u0130yi ve Do\\u011fru Yapmak\",\"item\":\"https:\\\/\\\/www.enka.com\\\/sustainability\\\/tr\\\/category\\\/hepsi\\\/isi-iyi-ve-dogru-yapmak\\\/\",\"nextItem\":{\"@type\":\"ListItem\",\"@id\":\"https:\\\/\\\/www.enka.com\\\/sustainability\\\/tr\\\/yenilenen-kuresel-isbirligi-icin-ceo-bildirisi\\\/#listItem\",\"name\":\"Yenilenen K\\u00fcresel \\u0130\\u015fbirli\\u011fi i\\u00e7in CEO Bildirisi\"},\"previousItem\":{\"@type\":\"ListItem\",\"@id\":\"https:\\\/\\\/www.enka.com\\\/sustainability\\\/tr\\\/category\\\/hepsi\\\/#listItem\",\"name\":\"Hepsi\"}},{\"@type\":\"ListItem\",\"@id\":\"https:\\\/\\\/www.enka.com\\\/sustainability\\\/tr\\\/yenilenen-kuresel-isbirligi-icin-ceo-bildirisi\\\/#listItem\",\"position\":4,\"name\":\"Yenilenen K\\u00fcresel \\u0130\\u015fbirli\\u011fi i\\u00e7in CEO Bildirisi\",\"previousItem\":{\"@type\":\"ListItem\",\"@id\":\"https:\\\/\\\/www.enka.com\\\/sustainability\\\/tr\\\/category\\\/hepsi\\\/isi-iyi-ve-dogru-yapmak\\\/#listItem\",\"name\":\"\\u0130\\u015fi \\u0130yi ve Do\\u011fru Yapmak\"}}]},{\"@type\":\"Organization\",\"@id\":\"https:\\\/\\\/www.enka.com\\\/sustainability\\\/tr\\\/#organization\",\"name\":\"ENKA \\u0130n\\u015faat ve Sanayi A.\\u015e.\",\"description\":\"Engineering for a sustainable future\",\"url\":\"https:\\\/\\\/www.enka.com\\\/sustainability\\\/tr\\\/\",\"telephone\":\"+902123761000\",\"logo\":{\"@type\":\"ImageObject\",\"url\":\"https:\\\/\\\/www.enka.com\\\/wp-content\\\/uploads\\\/2015\\\/07\\\/enka-icon-112x112-1.png\",\"@id\":\"https:\\\/\\\/www.enka.com\\\/sustainability\\\/tr\\\/yenilenen-kuresel-isbirligi-icin-ceo-bildirisi\\\/#organizationLogo\"},\"image\":{\"@id\":\"https:\\\/\\\/www.enka.com\\\/sustainability\\\/tr\\\/yenilenen-kuresel-isbirligi-icin-ceo-bildirisi\\\/#organizationLogo\"},\"sameAs\":[\"https:\\\/\\\/www.instagram.com\\\/enka_insaat_official\\\/\",\"https:\\\/\\\/www.youtube.com\\\/channel\\\/UCtdqyCnE1uZiCkl3Luedj6Q\",\"https:\\\/\\\/www.linkedin.com\\\/company\\\/enka\"]},{\"@type\":\"Person\",\"@id\":\"https:\\\/\\\/www.enka.com\\\/sustainability\\\/tr\\\/author\\\/emin-yilmaz_245368_-2-2-2-2-2-2-2-2-2-2-2\\\/#author\",\"url\":\"https:\\\/\\\/www.enka.com\\\/sustainability\\\/tr\\\/author\\\/emin-yilmaz_245368_-2-2-2-2-2-2-2-2-2-2-2\\\/\",\"name\":\"admin\",\"image\":{\"@type\":\"ImageObject\",\"@id\":\"https:\\\/\\\/www.enka.com\\\/sustainability\\\/tr\\\/yenilenen-kuresel-isbirligi-icin-ceo-bildirisi\\\/#authorImage\",\"url\":\"https:\\\/\\\/www.enka.com\\\/sustainability\\\/wp-content\\\/litespeed\\\/avatar\\\/53f5212c4af111fe0e96fd62ef85a638.jpg?ver=1788538427\",\"width\":96,\"height\":96,\"caption\":\"admin\"}},{\"@type\":\"WebPage\",\"@id\":\"https:\\\/\\\/www.enka.com\\\/sustainability\\\/tr\\\/yenilenen-kuresel-isbirligi-icin-ceo-bildirisi\\\/#webpage\",\"url\":\"https:\\\/\\\/www.enka.com\\\/sustainability\\\/tr\\\/yenilenen-kuresel-isbirligi-icin-ceo-bildirisi\\\/\",\"name\":\"Yenilenen K\\u00fcresel \\u0130\\u015fbirli\\u011fi i\\u00e7in CEO Bildirisi | ENKA \\u0130n\\u015faat ve Sanayi A.\\u015e.\",\"description\":\"United Nations Global Compact\\u2019in \\u015firketleri k\\u00fcresel riskler kar\\u015f\\u0131s\\u0131nda uluslararas\\u0131 i\\u015fbirli\\u011fine ve kapsay\\u0131c\\u0131 \\u00e7ok tarafl\\u0131l\\u0131\\u011fa destek olmaya \\u00e7a\\u011f\\u0131rd\\u0131\\u011f\\u0131 \\u201cYenilenen K\\u00fcresel \\u0130\\u015fbirli\\u011fi i\\u00e7in CEO Bildirisi\\u201dni T\\u00fcrkiye\\u2019den imzalayan CEO\\u2019lar aras\\u0131nda ENKA Genel M\\u00fcd\\u00fcr\\u00fc ve \\u0130cra Kurulu Ba\\u015fkan\\u0131 Mehmet Tara da yer alarak k\\u00fcresel i\\u015fbirli\\u011fini destekledi\\u011fimizi beyan etmi\\u015ftir.\",\"inLanguage\":\"tr-TR\",\"isPartOf\":{\"@id\":\"https:\\\/\\\/www.enka.com\\\/sustainability\\\/tr\\\/#website\"},\"breadcrumb\":{\"@id\":\"https:\\\/\\\/www.enka.com\\\/sustainability\\\/tr\\\/yenilenen-kuresel-isbirligi-icin-ceo-bildirisi\\\/#breadcrumblist\"},\"author\":{\"@id\":\"https:\\\/\\\/www.enka.com\\\/sustainability\\\/tr\\\/author\\\/emin-yilmaz_245368_-2-2-2-2-2-2-2-2-2-2-2\\\/#author\"},\"creator\":{\"@id\":\"https:\\\/\\\/www.enka.com\\\/sustainability\\\/tr\\\/author\\\/emin-yilmaz_245368_-2-2-2-2-2-2-2-2-2-2-2\\\/#author\"},\"image\":{\"@type\":\"ImageObject\",\"url\":\"https:\\\/\\\/www.enka.com\\\/sustainability\\\/wp-content\\\/uploads\\\/2020\\\/09\\\/Global-Compact.jpg\",\"@id\":\"https:\\\/\\\/www.enka.com\\\/sustainability\\\/tr\\\/yenilenen-kuresel-isbirligi-icin-ceo-bildirisi\\\/#mainImage\",\"width\":915,\"height\":509},\"primaryImageOfPage\":{\"@id\":\"https:\\\/\\\/www.enka.com\\\/sustainability\\\/tr\\\/yenilenen-kuresel-isbirligi-icin-ceo-bildirisi\\\/#mainImage\"},\"datePublished\":\"2020-09-25T16:44:57+03:00\",\"dateModified\":\"2020-09-28T11:55:15+03:00\"},{\"@type\":\"WebSite\",\"@id\":\"https:\\\/\\\/www.enka.com\\\/sustainability\\\/tr\\\/#website\",\"url\":\"https:\\\/\\\/www.enka.com\\\/sustainability\\\/tr\\\/\",\"name\":\"ENKA \\u0130n\\u015faat ve Sanayi A.\\u015e.\",\"description\":\"Engineering for a sustainable future\",\"inLanguage\":\"tr-TR\",\"publisher\":{\"@id\":\"https:\\\/\\\/www.enka.com\\\/sustainability\\\/tr\\\/#organization\"}}]}\n\t\t<\/script>\n\t\t<!-- All in One SEO -->\n\n","aioseo_head_json":{"title":"Yenilenen K\u00fcresel \u0130\u015fbirli\u011fi i\u00e7in CEO Bildirisi | ENKA \u0130n\u015faat ve Sanayi A.\u015e.","description":"United Nations Global Compact\u2019in \u015firketleri k\u00fcresel riskler kar\u015f\u0131s\u0131nda uluslararas\u0131 i\u015fbirli\u011fine ve kapsay\u0131c\u0131 \u00e7ok tarafl\u0131l\u0131\u011fa destek olmaya \u00e7a\u011f\u0131rd\u0131\u011f\u0131 \u201cYenilenen K\u00fcresel \u0130\u015fbirli\u011fi i\u00e7in CEO Bildirisi\u201dni T\u00fcrkiye\u2019den imzalayan CEO\u2019lar aras\u0131nda ENKA Genel M\u00fcd\u00fcr\u00fc ve \u0130cra Kurulu Ba\u015fkan\u0131 Mehmet Tara da yer alarak k\u00fcresel i\u015fbirli\u011fini destekledi\u011fimizi beyan etmi\u015ftir.","canonical_url":"https:\/\/www.enka.com\/sustainability\/tr\/yenilenen-kuresel-isbirligi-icin-ceo-bildirisi\/","robots":"max-image-preview:large","keywords":"#enkaconstruction,unitednationsglobalcompact,unitingbusiness,i\u0307\u015fi i\u0307yi ve do\u011fru yapmak","webmasterTools":{"google-site-verification":"UQ-k7hcOVZluZene7_iGgI7iewEm4fFqYkW4KY9-n28","miscellaneous":"&lt;!-- Google tag (gtag.js) --&gt;\n&lt;script async src=\"https:\/\/www.googletagmanager.com\/gtag\/js?id=G-NQHTTC6MQB\"&gt;&lt;\/script&gt;\n&lt;script&gt;\n  window.dataLayer = window.dataLayer || [];\n  function gtag(){dataLayer.push(arguments);}\n  gtag('js', new Date());\n\n  gtag('config', 'G-NQHTTC6MQB');\n&lt;\/script&gt;"},"schema":{"@context":"https:\/\/schema.org","@graph":[{"@type":"Article","@id":"https:\/\/www.enka.com\/sustainability\/tr\/yenilenen-kuresel-isbirligi-icin-ceo-bildirisi\/#article","name":"Yenilenen K\u00fcresel \u0130\u015fbirli\u011fi i\u00e7in CEO Bildirisi | ENKA \u0130n\u015faat ve Sanayi A.\u015e.","headline":"Yenilenen K\u00fcresel \u0130\u015fbirli\u011fi i\u00e7in CEO Bildirisi","author":{"@id":"https:\/\/www.enka.com\/sustainability\/tr\/author\/emin-yilmaz_245368_-2-2-2-2-2-2-2-2-2-2-2\/#author"},"publisher":{"@id":"https:\/\/www.enka.com\/sustainability\/tr\/#organization"},"image":{"@type":"ImageObject","url":"https:\/\/www.enka.com\/sustainability\/wp-content\/uploads\/2020\/09\/Global-Compact.jpg","width":915,"height":509},"datePublished":"2020-09-25T16:44:57+03:00","dateModified":"2020-09-28T11:55:15+03:00","inLanguage":"tr-TR","mainEntityOfPage":{"@id":"https:\/\/www.enka.com\/sustainability\/tr\/yenilenen-kuresel-isbirligi-icin-ceo-bildirisi\/#webpage"},"isPartOf":{"@id":"https:\/\/www.enka.com\/sustainability\/tr\/yenilenen-kuresel-isbirligi-icin-ceo-bildirisi\/#webpage"},"articleSection":"\u0130\u015fi \u0130yi ve Do\u011fru Yapmak, #enkaconstruction, unitednationsglobalcompact, unitingbusiness, Optional"},{"@type":"BreadcrumbList","@id":"https:\/\/www.enka.com\/sustainability\/tr\/yenilenen-kuresel-isbirligi-icin-ceo-bildirisi\/#breadcrumblist","itemListElement":[{"@type":"ListItem","@id":"https:\/\/www.enka.com\/sustainability\/tr\/#listItem","position":1,"name":"Home","item":"https:\/\/www.enka.com\/sustainability\/tr\/","nextItem":{"@type":"ListItem","@id":"https:\/\/www.enka.com\/sustainability\/tr\/category\/hepsi\/#listItem","name":"Hepsi"}},{"@type":"ListItem","@id":"https:\/\/www.enka.com\/sustainability\/tr\/category\/hepsi\/#listItem","position":2,"name":"Hepsi","item":"https:\/\/www.enka.com\/sustainability\/tr\/category\/hepsi\/","nextItem":{"@type":"ListItem","@id":"https:\/\/www.enka.com\/sustainability\/tr\/category\/hepsi\/isi-iyi-ve-dogru-yapmak\/#listItem","name":"\u0130\u015fi \u0130yi ve Do\u011fru Yapmak"},"previousItem":{"@type":"ListItem","@id":"https:\/\/www.enka.com\/sustainability\/tr\/#listItem","name":"Home"}},{"@type":"ListItem","@id":"https:\/\/www.enka.com\/sustainability\/tr\/category\/hepsi\/isi-iyi-ve-dogru-yapmak\/#listItem","position":3,"name":"\u0130\u015fi \u0130yi ve Do\u011fru Yapmak","item":"https:\/\/www.enka.com\/sustainability\/tr\/category\/hepsi\/isi-iyi-ve-dogru-yapmak\/","nextItem":{"@type":"ListItem","@id":"https:\/\/www.enka.com\/sustainability\/tr\/yenilenen-kuresel-isbirligi-icin-ceo-bildirisi\/#listItem","name":"Yenilenen K\u00fcresel \u0130\u015fbirli\u011fi i\u00e7in CEO Bildirisi"},"previousItem":{"@type":"ListItem","@id":"https:\/\/www.enka.com\/sustainability\/tr\/category\/hepsi\/#listItem","name":"Hepsi"}},{"@type":"ListItem","@id":"https:\/\/www.enka.com\/sustainability\/tr\/yenilenen-kuresel-isbirligi-icin-ceo-bildirisi\/#listItem","position":4,"name":"Yenilenen K\u00fcresel \u0130\u015fbirli\u011fi i\u00e7in CEO Bildirisi","previousItem":{"@type":"ListItem","@id":"https:\/\/www.enka.com\/sustainability\/tr\/category\/hepsi\/isi-iyi-ve-dogru-yapmak\/#listItem","name":"\u0130\u015fi \u0130yi ve Do\u011fru Yapmak"}}]},{"@type":"Organization","@id":"https:\/\/www.enka.com\/sustainability\/tr\/#organization","name":"ENKA \u0130n\u015faat ve Sanayi A.\u015e.","description":"Engineering for a sustainable future","url":"https:\/\/www.enka.com\/sustainability\/tr\/","telephone":"+902123761000","logo":{"@type":"ImageObject","url":"https:\/\/www.enka.com\/wp-content\/uploads\/2015\/07\/enka-icon-112x112-1.png","@id":"https:\/\/www.enka.com\/sustainability\/tr\/yenilenen-kuresel-isbirligi-icin-ceo-bildirisi\/#organizationLogo"},"image":{"@id":"https:\/\/www.enka.com\/sustainability\/tr\/yenilenen-kuresel-isbirligi-icin-ceo-bildirisi\/#organizationLogo"},"sameAs":["https:\/\/www.instagram.com\/enka_insaat_official\/","https:\/\/www.youtube.com\/channel\/UCtdqyCnE1uZiCkl3Luedj6Q","https:\/\/www.linkedin.com\/company\/enka"]},{"@type":"Person","@id":"https:\/\/www.enka.com\/sustainability\/tr\/author\/emin-yilmaz_245368_-2-2-2-2-2-2-2-2-2-2-2\/#author","url":"https:\/\/www.enka.com\/sustainability\/tr\/author\/emin-yilmaz_245368_-2-2-2-2-2-2-2-2-2-2-2\/","name":"admin","image":{"@type":"ImageObject","@id":"https:\/\/www.enka.com\/sustainability\/tr\/yenilenen-kuresel-isbirligi-icin-ceo-bildirisi\/#authorImage","url":"https:\/\/www.enka.com\/sustainability\/wp-content\/litespeed\/avatar\/53f5212c4af111fe0e96fd62ef85a638.jpg?ver=1788538427","width":96,"height":96,"caption":"admin"}},{"@type":"WebPage","@id":"https:\/\/www.enka.com\/sustainability\/tr\/yenilenen-kuresel-isbirligi-icin-ceo-bildirisi\/#webpage","url":"https:\/\/www.enka.com\/sustainability\/tr\/yenilenen-kuresel-isbirligi-icin-ceo-bildirisi\/","name":"Yenilenen K\u00fcresel \u0130\u015fbirli\u011fi i\u00e7in CEO Bildirisi | ENKA \u0130n\u015faat ve Sanayi A.\u015e.","description":"United Nations Global Compact\u2019in \u015firketleri k\u00fcresel riskler kar\u015f\u0131s\u0131nda uluslararas\u0131 i\u015fbirli\u011fine ve kapsay\u0131c\u0131 \u00e7ok tarafl\u0131l\u0131\u011fa destek olmaya \u00e7a\u011f\u0131rd\u0131\u011f\u0131 \u201cYenilenen K\u00fcresel \u0130\u015fbirli\u011fi i\u00e7in CEO Bildirisi\u201dni T\u00fcrkiye\u2019den imzalayan CEO\u2019lar aras\u0131nda ENKA Genel M\u00fcd\u00fcr\u00fc ve \u0130cra Kurulu Ba\u015fkan\u0131 Mehmet Tara da yer alarak k\u00fcresel i\u015fbirli\u011fini destekledi\u011fimizi beyan etmi\u015ftir.","inLanguage":"tr-TR","isPartOf":{"@id":"https:\/\/www.enka.com\/sustainability\/tr\/#website"},"breadcrumb":{"@id":"https:\/\/www.enka.com\/sustainability\/tr\/yenilenen-kuresel-isbirligi-icin-ceo-bildirisi\/#breadcrumblist"},"author":{"@id":"https:\/\/www.enka.com\/sustainability\/tr\/author\/emin-yilmaz_245368_-2-2-2-2-2-2-2-2-2-2-2\/#author"},"creator":{"@id":"https:\/\/www.enka.com\/sustainability\/tr\/author\/emin-yilmaz_245368_-2-2-2-2-2-2-2-2-2-2-2\/#author"},"image":{"@type":"ImageObject","url":"https:\/\/www.enka.com\/sustainability\/wp-content\/uploads\/2020\/09\/Global-Compact.jpg","@id":"https:\/\/www.enka.com\/sustainability\/tr\/yenilenen-kuresel-isbirligi-icin-ceo-bildirisi\/#mainImage","width":915,"height":509},"primaryImageOfPage":{"@id":"https:\/\/www.enka.com\/sustainability\/tr\/yenilenen-kuresel-isbirligi-icin-ceo-bildirisi\/#mainImage"},"datePublished":"2020-09-25T16:44:57+03:00","dateModified":"2020-09-28T11:55:15+03:00"},{"@type":"WebSite","@id":"https:\/\/www.enka.com\/sustainability\/tr\/#website","url":"https:\/\/www.enka.com\/sustainability\/tr\/","name":"ENKA \u0130n\u015faat ve Sanayi A.\u015e.","description":"Engineering for a sustainable future","inLanguage":"tr-TR","publisher":{"@id":"https:\/\/www.enka.com\/sustainability\/tr\/#organization"}}]},"og:locale":"tr_TR","og:site_name":"ENKA \u0130n\u015faat ve Sanayi A.\u015e.","og:type":"article","og:title":"Yenilenen K\u00fcresel \u0130\u015fbirli\u011fi i\u00e7in CEO Bildirisi | ENKA \u0130n\u015faat ve Sanayi A.\u015e.","og:description":"United Nations Global Compact\u2019in \u015firketleri k\u00fcresel riskler kar\u015f\u0131s\u0131nda uluslararas\u0131 i\u015fbirli\u011fine ve kapsay\u0131c\u0131 \u00e7ok tarafl\u0131l\u0131\u011fa destek olmaya \u00e7a\u011f\u0131rd\u0131\u011f\u0131 \u201cYenilenen K\u00fcresel \u0130\u015fbirli\u011fi i\u00e7in CEO Bildirisi\u201dni T\u00fcrkiye\u2019den imzalayan CEO\u2019lar aras\u0131nda ENKA Genel M\u00fcd\u00fcr\u00fc ve \u0130cra Kurulu Ba\u015fkan\u0131 Mehmet Tara da yer alarak k\u00fcresel i\u015fbirli\u011fini destekledi\u011fimizi beyan etmi\u015ftir.","og:url":"https:\/\/www.enka.com\/sustainability\/tr\/yenilenen-kuresel-isbirligi-icin-ceo-bildirisi\/","og:image":"https:\/\/www.enka.com\/sustainability\/wp-content\/uploads\/2020\/09\/Global-Compact.jpg","og:image:secure_url":"https:\/\/www.enka.com\/sustainability\/wp-content\/uploads\/2020\/09\/Global-Compact.jpg","og:image:width":915,"og:image:height":509,"article:published_time":"2020-09-25T13:44:57+00:00","article:modified_time":"2020-09-28T08:55:15+00:00","article:publisher":"https:\/\/www.facebook.com\/enkaconstruction","twitter:card":"summary","twitter:site":"@ENKA_Cons","twitter:title":"Yenilenen K\u00fcresel \u0130\u015fbirli\u011fi i\u00e7in CEO Bildirisi | ENKA \u0130n\u015faat ve Sanayi A.\u015e.","twitter:description":"United Nations Global Compact\u2019in \u015firketleri k\u00fcresel riskler kar\u015f\u0131s\u0131nda uluslararas\u0131 i\u015fbirli\u011fine ve kapsay\u0131c\u0131 \u00e7ok tarafl\u0131l\u0131\u011fa destek olmaya \u00e7a\u011f\u0131rd\u0131\u011f\u0131 \u201cYenilenen K\u00fcresel \u0130\u015fbirli\u011fi i\u00e7in CEO Bildirisi\u201dni T\u00fcrkiye\u2019den imzalayan CEO\u2019lar aras\u0131nda ENKA Genel M\u00fcd\u00fcr\u00fc ve \u0130cra Kurulu Ba\u015fkan\u0131 Mehmet Tara da yer alarak k\u00fcresel i\u015fbirli\u011fini destekledi\u011fimizi beyan etmi\u015ftir.","twitter:image":"https:\/\/www.enka.com\/sustainability\/wp-content\/uploads\/2020\/09\/Global-Compact.jpg"},"aioseo_meta_data":{"post_id":"9310","title":"Yenilenen K\u00fcresel \u0130\u015fbirli\u011fi i\u00e7in CEO Bildirisi | #site_title","description":"United Nations Global Compact\u2019in \u015firketleri k\u00fcresel riskler kar\u015f\u0131s\u0131nda uluslararas\u0131 i\u015fbirli\u011fine ve kapsay\u0131c\u0131 \u00e7ok tarafl\u0131l\u0131\u011fa destek olmaya \u00e7a\u011f\u0131rd\u0131\u011f\u0131 \u201cYenilenen K\u00fcresel \u0130\u015fbirli\u011fi i\u00e7in CEO Bildirisi\u201dni T\u00fcrkiye\u2019den imzalayan CEO\u2019lar aras\u0131nda ENKA Genel M\u00fcd\u00fcr\u00fc ve \u0130cra Kurulu Ba\u015fkan\u0131 Mehmet Tara da yer alarak k\u00fcresel i\u015fbirli\u011fini destekledi\u011fimizi beyan etmi\u015ftir.","keywords":"","keyphrases":null,"primary_term":null,"canonical_url":"","og_title":null,"og_description":null,"og_object_type":"default","og_image_type":"default","og_image_url":null,"og_image_width":null,"og_image_height":null,"og_image_custom_url":null,"og_image_custom_fields":null,"og_video":null,"og_custom_url":null,"og_article_section":null,"og_article_tags":null,"twitter_use_og":false,"twitter_card":"default","twitter_image_type":"default","twitter_image_url":null,"twitter_image_custom_url":null,"twitter_image_custom_fields":null,"twitter_title":null,"twitter_description":null,"schema":{"blockGraphs":[],"customGraphs":[],"default":{"data":{"Article":[],"Course":[],"Dataset":[],"FAQPage":[],"Movie":[],"Person":[],"Product":[],"ProductReview":[],"Car":[],"Recipe":[],"Service":[],"SoftwareApplication":[],"WebPage":[]},"graphName":"","isEnabled":true},"graphs":[]},"schema_type":null,"schema_type_options":null,"pillar_content":false,"robots_default":true,"robots_noindex":false,"robots_noarchive":false,"robots_nosnippet":false,"robots_nofollow":false,"robots_noimageindex":false,"robots_noodp":false,"robots_notranslate":false,"robots_max_snippet":null,"robots_max_videopreview":null,"robots_max_imagepreview":"large","priority":null,"frequency":"default","local_seo":null,"breadcrumb_settings":null,"limit_modified_date":false,"open_ai":null,"ai":null,"created":"2021-02-02 14:05:04","updated":"2026-05-06 15:49:44","seo_analyzer_scan_date":null,"focus_keyword":null,"additional_keywords":null,"truseo_locale":null},"acf":[],"_links":{"self":[{"href":"https:\/\/www.enka.com\/sustainability\/tr\/wp-json\/wp\/v2\/posts\/9310","targetHints":{"allow":["GET"]}}],"collection":[{"href":"https:\/\/www.enka.com\/sustainability\/tr\/wp-json\/wp\/v2\/posts"}],"about":[{"href":"https:\/\/www.enka.com\/sustainability\/tr\/wp-json\/wp\/v2\/types\/post"}],"author":[{"embeddable":true,"href":"https:\/\/www.enka.com\/sustainability\/tr\/wp-json\/wp\/v2\/users\/1"}],"replies":[{"embeddable":true,"href":"https:\/\/www.enka.com\/sustainability\/tr\/wp-json\/wp\/v2\/comments?post=9310"}],"version-history":[{"count":0,"href":"https:\/\/www.enka.com\/sustainability\/tr\/wp-json\/wp\/v2\/posts\/9310\/revisions"}],"wp:featuredmedia":[{"embeddable":true,"href":"https:\/\/www.enka.com\/sustainability\/tr\/wp-json\/wp\/v2\/media\/9306"}],"wp:attachment":[{"href":"https:\/\/www.enka.com\/sustainability\/tr\/wp-json\/wp\/v2\/media?parent=9310"}],"wp:term":[{"taxonomy":"category","embeddable":true,"href":"https:\/\/www.enka.com\/sustainability\/tr\/wp-json\/wp\/v2\/categories?post=9310"},{"taxonomy":"post_tag","embeddable":true,"href":"https:\/\/www.enka.com\/sustainability\/tr\/wp-json\/wp\/v2\/tags?post=9310"}],"curies":[{"name":"wp","href":"https:\/\/api.w.org\/{rel}","templated":true}]}}