{"id":11589,"date":"2022-06-05T08:14:32","date_gmt":"2022-06-05T05:14:32","guid":{"rendered":"https:\/\/www.enka.com\/sustainability\/?p=11589"},"modified":"2022-06-08T17:32:19","modified_gmt":"2022-06-08T14:32:19","slug":"were-celebrating-the-world-environment-day-on-june-5th","status":"publish","type":"post","link":"https:\/\/www.enka.com\/sustainability\/were-celebrating-the-world-environment-day-on-june-5th\/","title":{"rendered":"We&#8217;re celebrating the World Environment Day on June 5th"},"content":{"rendered":"<div class=\"clearfix\" style=\"height: 10px\"><\/div>As ENKA, we take a holistic approach to sustainability considering all the environmental, social and economic aspects. While climate change remains a key issue on our agendas, we are taking steps to reduce the environmental impacts of our operations while collaborating with our customers for the sustainable development of communities and combating climate change, and encouraging and inspiring our subcontractors and suppliers to join us in these efforts.<\/p>\n<p>On June 5<sup>th<\/sup>, World Environment Day, we would like to remind all that it is our duty, as individuals, companies, governments, to protect our planet and together we can build a world that is better than the one we currently inhabit. For detailed information on our strategy, activities and goals on reducing our environmental impact, you may read our sustainability report via the link below.<\/p>\n<p><a href=\"https:\/\/www.enka.com\/sustainability\/sustainability-reports\/\">https:\/\/www.enka.com\/sustainability\/sustainability-reports\/<\/a><\/p>\n<p>&nbsp;<\/p>\n","protected":false},"excerpt":{"rendered":"<p>As ENKA, we take a holistic approach to sustainability considering all the environmental, social and economic aspects. While climate change remains a key issue on our agendas, we are taking steps to reduce the environmental impacts of our operations while collaborating with our customers for the sustainable development of communities and combating climate change, and <a class=\"more-link\" href=\"https:\/\/www.enka.com\/sustainability\/were-celebrating-the-world-environment-day-on-june-5th\/\">Continue reading <i class=\"fa fa-chevron-right\"><\/i><\/a><\/p>\n","protected":false},"author":1,"featured_media":11590,"comment_status":"closed","ping_status":"closed","sticky":false,"template":"","format":"video","meta":{"_acf_changed":false,"rs_blank_template":"","rs_page_bg_color":"","slide_template_v7":"","inline_featured_image":false,"footnotes":""},"categories":[1],"tags":[1898,2484],"class_list":["post-11589","post","type-post","status-publish","format-video","has-post-thumbnail","hentry","category-uncategorized","tag-enkasustainability","tag-onlyoneearth","post_format-post-format-video"],"aioseo_notices":[],"aioseo_head":"\n\t\t<!-- All in One SEO 5.0.1.1 - aioseo.com -->\n\t<meta name=\"description\" content=\"As ENKA, we take a holistic approach to sustainability considering all the environmental, social and economic aspects. On June 5th, World Environment Day, we would like to remind all that it is our duty, as individuals, companies, governments, to protect our planet and together we can build a world that is better than the one we currently inhabit.\" \/>\n\t<meta name=\"robots\" content=\"max-image-preview:large\" \/>\n\t<meta name=\"author\" content=\"admin\"\/>\n\t<meta name=\"google-site-verification\" content=\"UQ-k7hcOVZluZene7_iGgI7iewEm4fFqYkW4KY9-n28\" \/>\n\t<meta name=\"keywords\" content=\"enkasustainability,onlyoneearth,uncategorized\" \/>\n\t<link rel=\"canonical\" href=\"https:\/\/www.enka.com\/sustainability\/were-celebrating-the-world-environment-day-on-june-5th\/\" \/>\n\t<meta name=\"generator\" content=\"All in One SEO (AIOSEO) 5.0.1.1\" \/>\n\n\t\t<!-- Google tag (gtag.js) -->\n<script async src=\"https:\/\/www.googletagmanager.com\/gtag\/js?id=G-NQHTTC6MQB\"><\/script>\n<script>\n  window.dataLayer = window.dataLayer || [];\n  function gtag(){dataLayer.push(arguments);}\n  gtag('js', new Date());\n\n  gtag('config', 'G-NQHTTC6MQB');\n<\/script>\n\t\t<meta property=\"og:locale\" content=\"en_US\" \/>\n\t\t<meta property=\"og:site_name\" content=\"ENKA \u0130n\u015faat ve Sanayi A.\u015e.\" \/>\n\t\t<meta property=\"og:type\" content=\"article\" \/>\n\t\t<meta property=\"og:title\" content=\"We&#039;re celebrating the World Environment Day on June 5th\" \/>\n\t\t<meta property=\"og:description\" content=\"As ENKA, we take a holistic approach to sustainability considering all the environmental, social and economic aspects. On June 5th, World Environment Day, we would like to remind all that it is our duty, as individuals, companies, governments, to protect our planet and together we can build a world that is better than the one we currently inhabit.\" \/>\n\t\t<meta property=\"og:url\" content=\"https:\/\/www.enka.com\/sustainability\/were-celebrating-the-world-environment-day-on-june-5th\/\" \/>\n\t\t<meta property=\"og:image\" content=\"https:\/\/www.enka.com\/sustainability\/wp-content\/uploads\/2022\/06\/dunyacevregunu-with-playbutton-1.jpg\" \/>\n\t\t<meta property=\"og:image:secure_url\" content=\"https:\/\/www.enka.com\/sustainability\/wp-content\/uploads\/2022\/06\/dunyacevregunu-with-playbutton-1.jpg\" \/>\n\t\t<meta property=\"og:image:width\" content=\"1024\" \/>\n\t\t<meta property=\"og:image:height\" content=\"580\" \/>\n\t\t<meta property=\"article:published_time\" content=\"2022-06-05T05:14:32+00:00\" \/>\n\t\t<meta property=\"article:modified_time\" content=\"2022-06-08T14:32:19+00:00\" \/>\n\t\t<meta property=\"article:publisher\" content=\"https:\/\/www.facebook.com\/enkaconstruction\" \/>\n\t\t<meta name=\"twitter:card\" content=\"summary\" \/>\n\t\t<meta name=\"twitter:site\" content=\"@ENKA_Cons\" \/>\n\t\t<meta name=\"twitter:title\" content=\"We&#039;re celebrating the World Environment Day on June 5th\" \/>\n\t\t<meta name=\"twitter:description\" content=\"As ENKA, we take a holistic approach to sustainability considering all the environmental, social and economic aspects. On June 5th, World Environment Day, we would like to remind all that it is our duty, as individuals, companies, governments, to protect our planet and together we can build a world that is better than the one we currently inhabit.\" \/>\n\t\t<meta name=\"twitter:image\" content=\"https:\/\/www.enka.com\/sustainability\/wp-content\/uploads\/2022\/06\/dunyacevregunu-with-playbutton-1.jpg\" \/>\n\t\t<script type=\"application\/ld+json\" class=\"aioseo-schema\">\n\t\t\t{\"@context\":\"https:\\\/\\\/schema.org\",\"@graph\":[{\"@type\":\"Article\",\"@id\":\"https:\\\/\\\/www.enka.com\\\/sustainability\\\/were-celebrating-the-world-environment-day-on-june-5th\\\/#article\",\"name\":\"We're celebrating the World Environment Day on June 5th\",\"headline\":\"We&#8217;re celebrating the World Environment Day on June 5th\",\"author\":{\"@id\":\"https:\\\/\\\/www.enka.com\\\/sustainability\\\/author\\\/emin-yilmaz_245368_-2-2-2-2-2-2-2-2-2-2-2\\\/#author\"},\"publisher\":{\"@id\":\"https:\\\/\\\/www.enka.com\\\/sustainability\\\/#organization\"},\"image\":{\"@type\":\"ImageObject\",\"url\":\"https:\\\/\\\/www.enka.com\\\/sustainability\\\/wp-content\\\/uploads\\\/2022\\\/06\\\/dunyacevregunu-with-playbutton-1.jpg\",\"width\":1024,\"height\":580},\"datePublished\":\"2022-06-05T08:14:32+03:00\",\"dateModified\":\"2022-06-08T17:32:19+03:00\",\"inLanguage\":\"en-US\",\"mainEntityOfPage\":{\"@id\":\"https:\\\/\\\/www.enka.com\\\/sustainability\\\/were-celebrating-the-world-environment-day-on-june-5th\\\/#webpage\"},\"isPartOf\":{\"@id\":\"https:\\\/\\\/www.enka.com\\\/sustainability\\\/were-celebrating-the-world-environment-day-on-june-5th\\\/#webpage\"},\"articleSection\":\"Uncategorized, enkasustainability, OnlyOneEarth, Video, Optional\"},{\"@type\":\"BreadcrumbList\",\"@id\":\"https:\\\/\\\/www.enka.com\\\/sustainability\\\/were-celebrating-the-world-environment-day-on-june-5th\\\/#breadcrumblist\",\"itemListElement\":[{\"@type\":\"ListItem\",\"@id\":\"https:\\\/\\\/www.enka.com\\\/sustainability#listItem\",\"position\":1,\"name\":\"Home\",\"item\":\"https:\\\/\\\/www.enka.com\\\/sustainability\",\"nextItem\":{\"@type\":\"ListItem\",\"@id\":\"https:\\\/\\\/www.enka.com\\\/sustainability\\\/category\\\/uncategorized\\\/#listItem\",\"name\":\"Uncategorized\"}},{\"@type\":\"ListItem\",\"@id\":\"https:\\\/\\\/www.enka.com\\\/sustainability\\\/category\\\/uncategorized\\\/#listItem\",\"position\":2,\"name\":\"Uncategorized\",\"item\":\"https:\\\/\\\/www.enka.com\\\/sustainability\\\/category\\\/uncategorized\\\/\",\"nextItem\":{\"@type\":\"ListItem\",\"@id\":\"https:\\\/\\\/www.enka.com\\\/sustainability\\\/were-celebrating-the-world-environment-day-on-june-5th\\\/#listItem\",\"name\":\"We&#8217;re celebrating the World Environment Day on June 5th\"},\"previousItem\":{\"@type\":\"ListItem\",\"@id\":\"https:\\\/\\\/www.enka.com\\\/sustainability#listItem\",\"name\":\"Home\"}},{\"@type\":\"ListItem\",\"@id\":\"https:\\\/\\\/www.enka.com\\\/sustainability\\\/were-celebrating-the-world-environment-day-on-june-5th\\\/#listItem\",\"position\":3,\"name\":\"We&#8217;re celebrating the World Environment Day on June 5th\",\"previousItem\":{\"@type\":\"ListItem\",\"@id\":\"https:\\\/\\\/www.enka.com\\\/sustainability\\\/category\\\/uncategorized\\\/#listItem\",\"name\":\"Uncategorized\"}}]},{\"@type\":\"Organization\",\"@id\":\"https:\\\/\\\/www.enka.com\\\/sustainability\\\/#organization\",\"name\":\"ENKA \\u0130n\\u015faat ve Sanayi A.\\u015e.\",\"description\":\"Engineering for a sustainable future\",\"url\":\"https:\\\/\\\/www.enka.com\\\/sustainability\\\/\",\"telephone\":\"+902123761000\",\"logo\":{\"@type\":\"ImageObject\",\"url\":\"https:\\\/\\\/www.enka.com\\\/wp-content\\\/uploads\\\/2015\\\/07\\\/enka-icon-112x112-1.png\",\"@id\":\"https:\\\/\\\/www.enka.com\\\/sustainability\\\/were-celebrating-the-world-environment-day-on-june-5th\\\/#organizationLogo\"},\"image\":{\"@id\":\"https:\\\/\\\/www.enka.com\\\/sustainability\\\/were-celebrating-the-world-environment-day-on-june-5th\\\/#organizationLogo\"},\"sameAs\":[\"https:\\\/\\\/www.instagram.com\\\/enka_insaat_official\\\/\",\"https:\\\/\\\/www.youtube.com\\\/channel\\\/UCtdqyCnE1uZiCkl3Luedj6Q\",\"https:\\\/\\\/www.linkedin.com\\\/company\\\/enka\"]},{\"@type\":\"Person\",\"@id\":\"https:\\\/\\\/www.enka.com\\\/sustainability\\\/author\\\/emin-yilmaz_245368_-2-2-2-2-2-2-2-2-2-2-2\\\/#author\",\"url\":\"https:\\\/\\\/www.enka.com\\\/sustainability\\\/author\\\/emin-yilmaz_245368_-2-2-2-2-2-2-2-2-2-2-2\\\/\",\"name\":\"admin\",\"image\":{\"@type\":\"ImageObject\",\"@id\":\"https:\\\/\\\/www.enka.com\\\/sustainability\\\/were-celebrating-the-world-environment-day-on-june-5th\\\/#authorImage\",\"url\":\"https:\\\/\\\/www.enka.com\\\/sustainability\\\/wp-content\\\/litespeed\\\/avatar\\\/53f5212c4af111fe0e96fd62ef85a638.jpg?ver=1788538427\",\"width\":96,\"height\":96,\"caption\":\"admin\"}},{\"@type\":\"WebPage\",\"@id\":\"https:\\\/\\\/www.enka.com\\\/sustainability\\\/were-celebrating-the-world-environment-day-on-june-5th\\\/#webpage\",\"url\":\"https:\\\/\\\/www.enka.com\\\/sustainability\\\/were-celebrating-the-world-environment-day-on-june-5th\\\/\",\"name\":\"We're celebrating the World Environment Day on June 5th\",\"description\":\"As ENKA, we take a holistic approach to sustainability considering all the environmental, social and economic aspects. On June 5th, World Environment Day, we would like to remind all that it is our duty, as individuals, companies, governments, to protect our planet and together we can build a world that is better than the one we currently inhabit.\",\"inLanguage\":\"en-US\",\"isPartOf\":{\"@id\":\"https:\\\/\\\/www.enka.com\\\/sustainability\\\/#website\"},\"breadcrumb\":{\"@id\":\"https:\\\/\\\/www.enka.com\\\/sustainability\\\/were-celebrating-the-world-environment-day-on-june-5th\\\/#breadcrumblist\"},\"author\":{\"@id\":\"https:\\\/\\\/www.enka.com\\\/sustainability\\\/author\\\/emin-yilmaz_245368_-2-2-2-2-2-2-2-2-2-2-2\\\/#author\"},\"creator\":{\"@id\":\"https:\\\/\\\/www.enka.com\\\/sustainability\\\/author\\\/emin-yilmaz_245368_-2-2-2-2-2-2-2-2-2-2-2\\\/#author\"},\"image\":{\"@type\":\"ImageObject\",\"url\":\"https:\\\/\\\/www.enka.com\\\/sustainability\\\/wp-content\\\/uploads\\\/2022\\\/06\\\/dunyacevregunu-with-playbutton-1.jpg\",\"@id\":\"https:\\\/\\\/www.enka.com\\\/sustainability\\\/were-celebrating-the-world-environment-day-on-june-5th\\\/#mainImage\",\"width\":1024,\"height\":580},\"primaryImageOfPage\":{\"@id\":\"https:\\\/\\\/www.enka.com\\\/sustainability\\\/were-celebrating-the-world-environment-day-on-june-5th\\\/#mainImage\"},\"datePublished\":\"2022-06-05T08:14:32+03:00\",\"dateModified\":\"2022-06-08T17:32:19+03:00\"},{\"@type\":\"WebSite\",\"@id\":\"https:\\\/\\\/www.enka.com\\\/sustainability\\\/#website\",\"url\":\"https:\\\/\\\/www.enka.com\\\/sustainability\\\/\",\"name\":\"ENKA \\u0130n\\u015faat ve Sanayi A.\\u015e.\",\"description\":\"Engineering for a sustainable future\",\"inLanguage\":\"en-US\",\"publisher\":{\"@id\":\"https:\\\/\\\/www.enka.com\\\/sustainability\\\/#organization\"}}]}\n\t\t<\/script>\n\t\t<!-- All in One SEO -->\n\n","aioseo_head_json":{"title":"We're celebrating the World Environment Day on June 5th","description":"As ENKA, we take a holistic approach to sustainability considering all the environmental, social and economic aspects. On June 5th, World Environment Day, we would like to remind all that it is our duty, as individuals, companies, governments, to protect our planet and together we can build a world that is better than the one we currently inhabit.","canonical_url":"https:\/\/www.enka.com\/sustainability\/were-celebrating-the-world-environment-day-on-june-5th\/","robots":"max-image-preview:large","keywords":"enkasustainability,onlyoneearth,uncategorized","webmasterTools":{"google-site-verification":"UQ-k7hcOVZluZene7_iGgI7iewEm4fFqYkW4KY9-n28","miscellaneous":"&lt;!-- Google tag (gtag.js) --&gt;\n&lt;script async src=\"https:\/\/www.googletagmanager.com\/gtag\/js?id=G-NQHTTC6MQB\"&gt;&lt;\/script&gt;\n&lt;script&gt;\n  window.dataLayer = window.dataLayer || [];\n  function gtag(){dataLayer.push(arguments);}\n  gtag('js', new Date());\n\n  gtag('config', 'G-NQHTTC6MQB');\n&lt;\/script&gt;"},"schema":{"@context":"https:\/\/schema.org","@graph":[{"@type":"Article","@id":"https:\/\/www.enka.com\/sustainability\/were-celebrating-the-world-environment-day-on-june-5th\/#article","name":"We're celebrating the World Environment Day on June 5th","headline":"We&#8217;re celebrating the World Environment Day on June 5th","author":{"@id":"https:\/\/www.enka.com\/sustainability\/author\/emin-yilmaz_245368_-2-2-2-2-2-2-2-2-2-2-2\/#author"},"publisher":{"@id":"https:\/\/www.enka.com\/sustainability\/#organization"},"image":{"@type":"ImageObject","url":"https:\/\/www.enka.com\/sustainability\/wp-content\/uploads\/2022\/06\/dunyacevregunu-with-playbutton-1.jpg","width":1024,"height":580},"datePublished":"2022-06-05T08:14:32+03:00","dateModified":"2022-06-08T17:32:19+03:00","inLanguage":"en-US","mainEntityOfPage":{"@id":"https:\/\/www.enka.com\/sustainability\/were-celebrating-the-world-environment-day-on-june-5th\/#webpage"},"isPartOf":{"@id":"https:\/\/www.enka.com\/sustainability\/were-celebrating-the-world-environment-day-on-june-5th\/#webpage"},"articleSection":"Uncategorized, enkasustainability, OnlyOneEarth, Video, Optional"},{"@type":"BreadcrumbList","@id":"https:\/\/www.enka.com\/sustainability\/were-celebrating-the-world-environment-day-on-june-5th\/#breadcrumblist","itemListElement":[{"@type":"ListItem","@id":"https:\/\/www.enka.com\/sustainability#listItem","position":1,"name":"Home","item":"https:\/\/www.enka.com\/sustainability","nextItem":{"@type":"ListItem","@id":"https:\/\/www.enka.com\/sustainability\/category\/uncategorized\/#listItem","name":"Uncategorized"}},{"@type":"ListItem","@id":"https:\/\/www.enka.com\/sustainability\/category\/uncategorized\/#listItem","position":2,"name":"Uncategorized","item":"https:\/\/www.enka.com\/sustainability\/category\/uncategorized\/","nextItem":{"@type":"ListItem","@id":"https:\/\/www.enka.com\/sustainability\/were-celebrating-the-world-environment-day-on-june-5th\/#listItem","name":"We&#8217;re celebrating the World Environment Day on June 5th"},"previousItem":{"@type":"ListItem","@id":"https:\/\/www.enka.com\/sustainability#listItem","name":"Home"}},{"@type":"ListItem","@id":"https:\/\/www.enka.com\/sustainability\/were-celebrating-the-world-environment-day-on-june-5th\/#listItem","position":3,"name":"We&#8217;re celebrating the World Environment Day on June 5th","previousItem":{"@type":"ListItem","@id":"https:\/\/www.enka.com\/sustainability\/category\/uncategorized\/#listItem","name":"Uncategorized"}}]},{"@type":"Organization","@id":"https:\/\/www.enka.com\/sustainability\/#organization","name":"ENKA \u0130n\u015faat ve Sanayi A.\u015e.","description":"Engineering for a sustainable future","url":"https:\/\/www.enka.com\/sustainability\/","telephone":"+902123761000","logo":{"@type":"ImageObject","url":"https:\/\/www.enka.com\/wp-content\/uploads\/2015\/07\/enka-icon-112x112-1.png","@id":"https:\/\/www.enka.com\/sustainability\/were-celebrating-the-world-environment-day-on-june-5th\/#organizationLogo"},"image":{"@id":"https:\/\/www.enka.com\/sustainability\/were-celebrating-the-world-environment-day-on-june-5th\/#organizationLogo"},"sameAs":["https:\/\/www.instagram.com\/enka_insaat_official\/","https:\/\/www.youtube.com\/channel\/UCtdqyCnE1uZiCkl3Luedj6Q","https:\/\/www.linkedin.com\/company\/enka"]},{"@type":"Person","@id":"https:\/\/www.enka.com\/sustainability\/author\/emin-yilmaz_245368_-2-2-2-2-2-2-2-2-2-2-2\/#author","url":"https:\/\/www.enka.com\/sustainability\/author\/emin-yilmaz_245368_-2-2-2-2-2-2-2-2-2-2-2\/","name":"admin","image":{"@type":"ImageObject","@id":"https:\/\/www.enka.com\/sustainability\/were-celebrating-the-world-environment-day-on-june-5th\/#authorImage","url":"https:\/\/www.enka.com\/sustainability\/wp-content\/litespeed\/avatar\/53f5212c4af111fe0e96fd62ef85a638.jpg?ver=1788538427","width":96,"height":96,"caption":"admin"}},{"@type":"WebPage","@id":"https:\/\/www.enka.com\/sustainability\/were-celebrating-the-world-environment-day-on-june-5th\/#webpage","url":"https:\/\/www.enka.com\/sustainability\/were-celebrating-the-world-environment-day-on-june-5th\/","name":"We're celebrating the World Environment Day on June 5th","description":"As ENKA, we take a holistic approach to sustainability considering all the environmental, social and economic aspects. On June 5th, World Environment Day, we would like to remind all that it is our duty, as individuals, companies, governments, to protect our planet and together we can build a world that is better than the one we currently inhabit.","inLanguage":"en-US","isPartOf":{"@id":"https:\/\/www.enka.com\/sustainability\/#website"},"breadcrumb":{"@id":"https:\/\/www.enka.com\/sustainability\/were-celebrating-the-world-environment-day-on-june-5th\/#breadcrumblist"},"author":{"@id":"https:\/\/www.enka.com\/sustainability\/author\/emin-yilmaz_245368_-2-2-2-2-2-2-2-2-2-2-2\/#author"},"creator":{"@id":"https:\/\/www.enka.com\/sustainability\/author\/emin-yilmaz_245368_-2-2-2-2-2-2-2-2-2-2-2\/#author"},"image":{"@type":"ImageObject","url":"https:\/\/www.enka.com\/sustainability\/wp-content\/uploads\/2022\/06\/dunyacevregunu-with-playbutton-1.jpg","@id":"https:\/\/www.enka.com\/sustainability\/were-celebrating-the-world-environment-day-on-june-5th\/#mainImage","width":1024,"height":580},"primaryImageOfPage":{"@id":"https:\/\/www.enka.com\/sustainability\/were-celebrating-the-world-environment-day-on-june-5th\/#mainImage"},"datePublished":"2022-06-05T08:14:32+03:00","dateModified":"2022-06-08T17:32:19+03:00"},{"@type":"WebSite","@id":"https:\/\/www.enka.com\/sustainability\/#website","url":"https:\/\/www.enka.com\/sustainability\/","name":"ENKA \u0130n\u015faat ve Sanayi A.\u015e.","description":"Engineering for a sustainable future","inLanguage":"en-US","publisher":{"@id":"https:\/\/www.enka.com\/sustainability\/#organization"}}]},"og:locale":"en_US","og:site_name":"ENKA \u0130n\u015faat ve Sanayi A.\u015e.","og:type":"article","og:title":"We're celebrating the World Environment Day on June 5th","og:description":"As ENKA, we take a holistic approach to sustainability considering all the environmental, social and economic aspects. On June 5th, World Environment Day, we would like to remind all that it is our duty, as individuals, companies, governments, to protect our planet and together we can build a world that is better than the one we currently inhabit.","og:url":"https:\/\/www.enka.com\/sustainability\/were-celebrating-the-world-environment-day-on-june-5th\/","og:image":"https:\/\/www.enka.com\/sustainability\/wp-content\/uploads\/2022\/06\/dunyacevregunu-with-playbutton-1.jpg","og:image:secure_url":"https:\/\/www.enka.com\/sustainability\/wp-content\/uploads\/2022\/06\/dunyacevregunu-with-playbutton-1.jpg","og:image:width":1024,"og:image:height":580,"article:published_time":"2022-06-05T05:14:32+00:00","article:modified_time":"2022-06-08T14:32:19+00:00","article:publisher":"https:\/\/www.facebook.com\/enkaconstruction","twitter:card":"summary","twitter:site":"@ENKA_Cons","twitter:title":"We're celebrating the World Environment Day on June 5th","twitter:description":"As ENKA, we take a holistic approach to sustainability considering all the environmental, social and economic aspects. On June 5th, World Environment Day, we would like to remind all that it is our duty, as individuals, companies, governments, to protect our planet and together we can build a world that is better than the one we currently inhabit.","twitter:image":"https:\/\/www.enka.com\/sustainability\/wp-content\/uploads\/2022\/06\/dunyacevregunu-with-playbutton-1.jpg"},"aioseo_meta_data":{"post_id":"11589","title":"We're celebrating the World Environment Day on June 5th","description":"As ENKA, we take a holistic approach to sustainability considering all the environmental, social and economic aspects. On June 5th, World Environment Day, we would like to remind all that it is our duty, as individuals, companies, governments, to protect our planet and together we can build a world that is better than the one we currently inhabit.","keywords":[],"keyphrases":{"focus":[],"additional":[]},"primary_term":null,"canonical_url":null,"og_title":null,"og_description":null,"og_object_type":"default","og_image_type":"default","og_image_url":null,"og_image_width":null,"og_image_height":null,"og_image_custom_url":null,"og_image_custom_fields":null,"og_video":"","og_custom_url":null,"og_article_section":null,"og_article_tags":[],"twitter_use_og":false,"twitter_card":"default","twitter_image_type":"default","twitter_image_url":null,"twitter_image_custom_url":null,"twitter_image_custom_fields":null,"twitter_title":null,"twitter_description":null,"schema":{"blockGraphs":[],"customGraphs":[],"default":{"data":{"Article":{"id":"aioseo-article-6388d95e13b2f","slug":"article","graphName":"Article","label":"Article","properties":{"type":"BlogPosting","name":"#post_title","headline":"#post_title","description":"#post_excerpt","image":"","keywords":"","author":{"name":"#author_name","url":"#author_url"},"dates":{"include":true,"datePublished":"","dateModified":""}}},"Course":[],"Dataset":[],"FAQPage":[],"Movie":[],"Person":[],"Product":[],"ProductReview":[],"Car":[],"Recipe":[],"Service":[],"SoftwareApplication":[],"WebPage":[]},"graphName":"Article","isEnabled":true},"graphs":[]},"schema_type":"default","schema_type_options":"{\"article\":{\"articleType\":\"BlogPosting\"},\"course\":{\"name\":\"\",\"description\":\"\",\"provider\":\"\"},\"faq\":{\"pages\":[]},\"product\":{\"reviews\":[]},\"recipe\":{\"ingredients\":[],\"instructions\":[],\"keywords\":[]},\"software\":{\"reviews\":[],\"operatingSystems\":[]},\"webPage\":{\"webPageType\":\"WebPage\"}}","pillar_content":false,"robots_default":true,"robots_noindex":false,"robots_noarchive":false,"robots_nosnippet":false,"robots_nofollow":false,"robots_noimageindex":false,"robots_noodp":false,"robots_notranslate":false,"robots_max_snippet":"-1","robots_max_videopreview":"-1","robots_max_imagepreview":"large","priority":null,"frequency":"default","local_seo":null,"breadcrumb_settings":null,"limit_modified_date":false,"open_ai":null,"ai":null,"created":"2022-06-08 14:14:32","updated":"2026-08-26 14:03:26","seo_analyzer_scan_date":null,"focus_keyword":null,"additional_keywords":null,"truseo_locale":null},"acf":[],"_links":{"self":[{"href":"https:\/\/www.enka.com\/sustainability\/wp-json\/wp\/v2\/posts\/11589","targetHints":{"allow":["GET"]}}],"collection":[{"href":"https:\/\/www.enka.com\/sustainability\/wp-json\/wp\/v2\/posts"}],"about":[{"href":"https:\/\/www.enka.com\/sustainability\/wp-json\/wp\/v2\/types\/post"}],"author":[{"embeddable":true,"href":"https:\/\/www.enka.com\/sustainability\/wp-json\/wp\/v2\/users\/1"}],"replies":[{"embeddable":true,"href":"https:\/\/www.enka.com\/sustainability\/wp-json\/wp\/v2\/comments?post=11589"}],"version-history":[{"count":0,"href":"https:\/\/www.enka.com\/sustainability\/wp-json\/wp\/v2\/posts\/11589\/revisions"}],"wp:featuredmedia":[{"embeddable":true,"href":"https:\/\/www.enka.com\/sustainability\/wp-json\/wp\/v2\/media\/11590"}],"wp:attachment":[{"href":"https:\/\/www.enka.com\/sustainability\/wp-json\/wp\/v2\/media?parent=11589"}],"wp:term":[{"taxonomy":"category","embeddable":true,"href":"https:\/\/www.enka.com\/sustainability\/wp-json\/wp\/v2\/categories?post=11589"},{"taxonomy":"post_tag","embeddable":true,"href":"https:\/\/www.enka.com\/sustainability\/wp-json\/wp\/v2\/tags?post=11589"}],"curies":[{"name":"wp","href":"https:\/\/api.w.org\/{rel}","templated":true}]}}