{"id":9303,"date":"2020-09-25T16:44:57","date_gmt":"2020-09-25T13:44:57","guid":{"rendered":"https:\/\/www.enka.com\/sustainability\/?p=9303"},"modified":"2020-09-28T11:54:53","modified_gmt":"2020-09-28T08:54:53","slug":"statement-from-business-leaders-for-renewed-global-cooperation","status":"publish","type":"post","link":"https:\/\/www.enka.com\/sustainability\/statement-from-business-leaders-for-renewed-global-cooperation\/","title":{"rendered":"Statement from Business Leaders for Renewed Global Cooperation"},"content":{"rendered":"<div class=\"clearfix\" style=\"height: 15px\"><\/div>Declaring that we support global cooperation, ENKA\u2019s President and Chairman of the Executive Committee, Mehmet Tara, has become one of the CEOs who signed the &#8220;Statement from Business Leaders for Renewed Global Cooperation&#8221;, in which the United Nations Global Compact calls on companies to support international cooperation and inclusive multilateralism in the face of global risks.<\/p>\n<p>United Nations Global Compact Uniting Business Activity: <a href=\"https:\/\/www.linkedin.com\/posts\/united-nations-global-compact_unitingbusiness-activity-6713778296531824640-s08D\" target=\"_blank\" rel=\"noopener noreferrer\">https:\/\/www.linkedin.com\/posts\/united-nations-global-compact_unitingbusiness-activity-6713778296531824640-s08D<\/a><\/p>\n","protected":false},"excerpt":{"rendered":"<p>Declaring that we support global cooperation, ENKA\u2019s President and Chairman of the Executive Committee, Mehmet Tara, has become one of the CEOs who signed the &#8220;Statement from Business Leaders for Renewed Global Cooperation&#8221;, in which the United Nations Global Compact calls on companies to support international cooperation and inclusive multilateralism in the face of global <a class=\"more-link\" href=\"https:\/\/www.enka.com\/sustainability\/statement-from-business-leaders-for-renewed-global-cooperation\/\">Continue reading <i class=\"fa fa-chevron-right\"><\/i><\/a><\/p>\n","protected":false},"author":1,"featured_media":9304,"comment_status":"closed","ping_status":"closed","sticky":false,"template":"","format":"standard","meta":{"_acf_changed":false,"rs_blank_template":"","rs_page_bg_color":"","slide_template_v7":"","inline_featured_image":false,"footnotes":""},"categories":[21],"tags":[1909,1913,1898,2293,2292],"class_list":["post-9303","post","type-post","status-publish","format-standard","has-post-thumbnail","hentry","category-doing-good-business","tag-enkaconstruction","tag-enkainsaat","tag-enkasustainability","tag-unitednationsglobalcompact","tag-unitingbusiness"],"aioseo_notices":[],"aioseo_head":"\n\t\t<!-- All in One SEO 5.0.1.1 - aioseo.com -->\n\t<meta name=\"description\" content=\"Declaring that we support global cooperation, ENKA\u2019s President and Chairman of the Executive Committee, Mehmet Tara, has become one of the CEOs who signed the &quot;Statement from Business Leaders for Renewed Global Cooperation&quot;, in which the United Nations Global Compact calls on companies to support international cooperation and inclusive multilateralism in the face of global risks.\" \/>\n\t<meta name=\"robots\" content=\"max-image-preview:large\" \/>\n\t<meta name=\"author\" content=\"admin\"\/>\n\t<meta name=\"google-site-verification\" content=\"UQ-k7hcOVZluZene7_iGgI7iewEm4fFqYkW4KY9-n28\" \/>\n\t<meta name=\"keywords\" content=\"#enkaconstruction,#enkainsaat,enkasustainability,unitednationsglobalcompact,unitingbusiness,doing good business\" \/>\n\t<link rel=\"canonical\" href=\"https:\/\/www.enka.com\/sustainability\/statement-from-business-leaders-for-renewed-global-cooperation\/\" \/>\n\t<meta name=\"generator\" content=\"All in One SEO (AIOSEO) 5.0.1.1\" \/>\n\n\t\t<!-- Google tag (gtag.js) -->\n<script async src=\"https:\/\/www.googletagmanager.com\/gtag\/js?id=G-NQHTTC6MQB\"><\/script>\n<script>\n  window.dataLayer = window.dataLayer || [];\n  function gtag(){dataLayer.push(arguments);}\n  gtag('js', new Date());\n\n  gtag('config', 'G-NQHTTC6MQB');\n<\/script>\n\t\t<meta property=\"og:locale\" content=\"en_US\" \/>\n\t\t<meta property=\"og:site_name\" content=\"ENKA \u0130n\u015faat ve Sanayi A.\u015e.\" \/>\n\t\t<meta property=\"og:type\" content=\"article\" \/>\n\t\t<meta property=\"og:title\" content=\"Statement from Business Leaders for Renewed Global Cooperation | ENKA \u0130n\u015faat ve Sanayi A.\u015e.\" \/>\n\t\t<meta property=\"og:description\" content=\"Declaring that we support global cooperation, ENKA\u2019s President and Chairman of the Executive Committee, Mehmet Tara, has become one of the CEOs who signed the &quot;Statement from Business Leaders for Renewed Global Cooperation&quot;, in which the United Nations Global Compact calls on companies to support international cooperation and inclusive multilateralism in the face of global risks.\" \/>\n\t\t<meta property=\"og:url\" content=\"https:\/\/www.enka.com\/sustainability\/statement-from-business-leaders-for-renewed-global-cooperation\/\" \/>\n\t\t<meta property=\"og:image\" content=\"https:\/\/www.enka.com\/sustainability\/wp-content\/uploads\/2020\/09\/Global-Compact.jpg\" \/>\n\t\t<meta property=\"og:image:secure_url\" content=\"https:\/\/www.enka.com\/sustainability\/wp-content\/uploads\/2020\/09\/Global-Compact.jpg\" \/>\n\t\t<meta property=\"og:image:width\" content=\"915\" \/>\n\t\t<meta property=\"og:image:height\" content=\"509\" \/>\n\t\t<meta property=\"article:published_time\" content=\"2020-09-25T13:44:57+00:00\" \/>\n\t\t<meta property=\"article:modified_time\" content=\"2020-09-28T08:54:53+00:00\" \/>\n\t\t<meta property=\"article:publisher\" content=\"https:\/\/www.facebook.com\/enkaconstruction\" \/>\n\t\t<meta name=\"twitter:card\" content=\"summary\" \/>\n\t\t<meta name=\"twitter:site\" content=\"@ENKA_Cons\" \/>\n\t\t<meta name=\"twitter:title\" content=\"Statement from Business Leaders for Renewed Global Cooperation | ENKA \u0130n\u015faat ve Sanayi A.\u015e.\" \/>\n\t\t<meta name=\"twitter:description\" content=\"Declaring that we support global cooperation, ENKA\u2019s President and Chairman of the Executive Committee, Mehmet Tara, has become one of the CEOs who signed the &quot;Statement from Business Leaders for Renewed Global Cooperation&quot;, in which the United Nations Global Compact calls on companies to support international cooperation and inclusive multilateralism in the face of global risks.\" \/>\n\t\t<meta name=\"twitter:image\" content=\"https:\/\/www.enka.com\/sustainability\/wp-content\/uploads\/2020\/09\/Global-Compact.jpg\" \/>\n\t\t<script type=\"application\/ld+json\" class=\"aioseo-schema\">\n\t\t\t{\"@context\":\"https:\\\/\\\/schema.org\",\"@graph\":[{\"@type\":\"Article\",\"@id\":\"https:\\\/\\\/www.enka.com\\\/sustainability\\\/statement-from-business-leaders-for-renewed-global-cooperation\\\/#article\",\"name\":\"Statement from Business Leaders for Renewed Global Cooperation | ENKA \\u0130n\\u015faat ve Sanayi A.\\u015e.\",\"headline\":\"Statement from Business Leaders for Renewed Global Cooperation\",\"author\":{\"@id\":\"https:\\\/\\\/www.enka.com\\\/sustainability\\\/author\\\/emin-yilmaz_245368_-2-2-2-2-2-2-2-2-2-2-2\\\/#author\"},\"publisher\":{\"@id\":\"https:\\\/\\\/www.enka.com\\\/sustainability\\\/#organization\"},\"image\":{\"@type\":\"ImageObject\",\"url\":\"https:\\\/\\\/www.enka.com\\\/sustainability\\\/wp-content\\\/uploads\\\/2020\\\/09\\\/Global-Compact.jpg\",\"width\":915,\"height\":509},\"datePublished\":\"2020-09-25T16:44:57+03:00\",\"dateModified\":\"2020-09-28T11:54:53+03:00\",\"inLanguage\":\"en-US\",\"mainEntityOfPage\":{\"@id\":\"https:\\\/\\\/www.enka.com\\\/sustainability\\\/statement-from-business-leaders-for-renewed-global-cooperation\\\/#webpage\"},\"isPartOf\":{\"@id\":\"https:\\\/\\\/www.enka.com\\\/sustainability\\\/statement-from-business-leaders-for-renewed-global-cooperation\\\/#webpage\"},\"articleSection\":\"Doing Good Business, #enkaconstruction, #enkainsaat, enkasustainability, unitednationsglobalcompact, unitingbusiness, Optional\"},{\"@type\":\"BreadcrumbList\",\"@id\":\"https:\\\/\\\/www.enka.com\\\/sustainability\\\/statement-from-business-leaders-for-renewed-global-cooperation\\\/#breadcrumblist\",\"itemListElement\":[{\"@type\":\"ListItem\",\"@id\":\"https:\\\/\\\/www.enka.com\\\/sustainability#listItem\",\"position\":1,\"name\":\"Home\",\"item\":\"https:\\\/\\\/www.enka.com\\\/sustainability\",\"nextItem\":{\"@type\":\"ListItem\",\"@id\":\"https:\\\/\\\/www.enka.com\\\/sustainability\\\/category\\\/all\\\/#listItem\",\"name\":\"All\"}},{\"@type\":\"ListItem\",\"@id\":\"https:\\\/\\\/www.enka.com\\\/sustainability\\\/category\\\/all\\\/#listItem\",\"position\":2,\"name\":\"All\",\"item\":\"https:\\\/\\\/www.enka.com\\\/sustainability\\\/category\\\/all\\\/\",\"nextItem\":{\"@type\":\"ListItem\",\"@id\":\"https:\\\/\\\/www.enka.com\\\/sustainability\\\/category\\\/all\\\/doing-good-business\\\/#listItem\",\"name\":\"Doing Good Business\"},\"previousItem\":{\"@type\":\"ListItem\",\"@id\":\"https:\\\/\\\/www.enka.com\\\/sustainability#listItem\",\"name\":\"Home\"}},{\"@type\":\"ListItem\",\"@id\":\"https:\\\/\\\/www.enka.com\\\/sustainability\\\/category\\\/all\\\/doing-good-business\\\/#listItem\",\"position\":3,\"name\":\"Doing Good Business\",\"item\":\"https:\\\/\\\/www.enka.com\\\/sustainability\\\/category\\\/all\\\/doing-good-business\\\/\",\"nextItem\":{\"@type\":\"ListItem\",\"@id\":\"https:\\\/\\\/www.enka.com\\\/sustainability\\\/statement-from-business-leaders-for-renewed-global-cooperation\\\/#listItem\",\"name\":\"Statement from Business Leaders for Renewed Global Cooperation\"},\"previousItem\":{\"@type\":\"ListItem\",\"@id\":\"https:\\\/\\\/www.enka.com\\\/sustainability\\\/category\\\/all\\\/#listItem\",\"name\":\"All\"}},{\"@type\":\"ListItem\",\"@id\":\"https:\\\/\\\/www.enka.com\\\/sustainability\\\/statement-from-business-leaders-for-renewed-global-cooperation\\\/#listItem\",\"position\":4,\"name\":\"Statement from Business Leaders for Renewed Global Cooperation\",\"previousItem\":{\"@type\":\"ListItem\",\"@id\":\"https:\\\/\\\/www.enka.com\\\/sustainability\\\/category\\\/all\\\/doing-good-business\\\/#listItem\",\"name\":\"Doing Good Business\"}}]},{\"@type\":\"Organization\",\"@id\":\"https:\\\/\\\/www.enka.com\\\/sustainability\\\/#organization\",\"name\":\"ENKA \\u0130n\\u015faat ve Sanayi A.\\u015e.\",\"description\":\"Engineering for a sustainable future\",\"url\":\"https:\\\/\\\/www.enka.com\\\/sustainability\\\/\",\"telephone\":\"+902123761000\",\"logo\":{\"@type\":\"ImageObject\",\"url\":\"https:\\\/\\\/www.enka.com\\\/wp-content\\\/uploads\\\/2015\\\/07\\\/enka-icon-112x112-1.png\",\"@id\":\"https:\\\/\\\/www.enka.com\\\/sustainability\\\/statement-from-business-leaders-for-renewed-global-cooperation\\\/#organizationLogo\"},\"image\":{\"@id\":\"https:\\\/\\\/www.enka.com\\\/sustainability\\\/statement-from-business-leaders-for-renewed-global-cooperation\\\/#organizationLogo\"},\"sameAs\":[\"https:\\\/\\\/www.instagram.com\\\/enka_insaat_official\\\/\",\"https:\\\/\\\/www.youtube.com\\\/channel\\\/UCtdqyCnE1uZiCkl3Luedj6Q\",\"https:\\\/\\\/www.linkedin.com\\\/company\\\/enka\"]},{\"@type\":\"Person\",\"@id\":\"https:\\\/\\\/www.enka.com\\\/sustainability\\\/author\\\/emin-yilmaz_245368_-2-2-2-2-2-2-2-2-2-2-2\\\/#author\",\"url\":\"https:\\\/\\\/www.enka.com\\\/sustainability\\\/author\\\/emin-yilmaz_245368_-2-2-2-2-2-2-2-2-2-2-2\\\/\",\"name\":\"admin\",\"image\":{\"@type\":\"ImageObject\",\"@id\":\"https:\\\/\\\/www.enka.com\\\/sustainability\\\/statement-from-business-leaders-for-renewed-global-cooperation\\\/#authorImage\",\"url\":\"https:\\\/\\\/www.enka.com\\\/sustainability\\\/wp-content\\\/litespeed\\\/avatar\\\/53f5212c4af111fe0e96fd62ef85a638.jpg?ver=1788538427\",\"width\":96,\"height\":96,\"caption\":\"admin\"}},{\"@type\":\"WebPage\",\"@id\":\"https:\\\/\\\/www.enka.com\\\/sustainability\\\/statement-from-business-leaders-for-renewed-global-cooperation\\\/#webpage\",\"url\":\"https:\\\/\\\/www.enka.com\\\/sustainability\\\/statement-from-business-leaders-for-renewed-global-cooperation\\\/\",\"name\":\"Statement from Business Leaders for Renewed Global Cooperation | ENKA \\u0130n\\u015faat ve Sanayi A.\\u015e.\",\"description\":\"Declaring that we support global cooperation, ENKA\\u2019s President and Chairman of the Executive Committee, Mehmet Tara, has become one of the CEOs who signed the \\\"Statement from Business Leaders for Renewed Global Cooperation\\\", in which the United Nations Global Compact calls on companies to support international cooperation and inclusive multilateralism in the face of global risks.\",\"inLanguage\":\"en-US\",\"isPartOf\":{\"@id\":\"https:\\\/\\\/www.enka.com\\\/sustainability\\\/#website\"},\"breadcrumb\":{\"@id\":\"https:\\\/\\\/www.enka.com\\\/sustainability\\\/statement-from-business-leaders-for-renewed-global-cooperation\\\/#breadcrumblist\"},\"author\":{\"@id\":\"https:\\\/\\\/www.enka.com\\\/sustainability\\\/author\\\/emin-yilmaz_245368_-2-2-2-2-2-2-2-2-2-2-2\\\/#author\"},\"creator\":{\"@id\":\"https:\\\/\\\/www.enka.com\\\/sustainability\\\/author\\\/emin-yilmaz_245368_-2-2-2-2-2-2-2-2-2-2-2\\\/#author\"},\"image\":{\"@type\":\"ImageObject\",\"url\":\"https:\\\/\\\/www.enka.com\\\/sustainability\\\/wp-content\\\/uploads\\\/2020\\\/09\\\/Global-Compact.jpg\",\"@id\":\"https:\\\/\\\/www.enka.com\\\/sustainability\\\/statement-from-business-leaders-for-renewed-global-cooperation\\\/#mainImage\",\"width\":915,\"height\":509},\"primaryImageOfPage\":{\"@id\":\"https:\\\/\\\/www.enka.com\\\/sustainability\\\/statement-from-business-leaders-for-renewed-global-cooperation\\\/#mainImage\"},\"datePublished\":\"2020-09-25T16:44:57+03:00\",\"dateModified\":\"2020-09-28T11:54:53+03:00\"},{\"@type\":\"WebSite\",\"@id\":\"https:\\\/\\\/www.enka.com\\\/sustainability\\\/#website\",\"url\":\"https:\\\/\\\/www.enka.com\\\/sustainability\\\/\",\"name\":\"ENKA \\u0130n\\u015faat ve Sanayi A.\\u015e.\",\"description\":\"Engineering for a sustainable future\",\"inLanguage\":\"en-US\",\"publisher\":{\"@id\":\"https:\\\/\\\/www.enka.com\\\/sustainability\\\/#organization\"}}]}\n\t\t<\/script>\n\t\t<!-- All in One SEO -->\n\n","aioseo_head_json":{"title":"Statement from Business Leaders for Renewed Global Cooperation | ENKA \u0130n\u015faat ve Sanayi A.\u015e.","description":"Declaring that we support global cooperation, ENKA\u2019s President and Chairman of the Executive Committee, Mehmet Tara, has become one of the CEOs who signed the \"Statement from Business Leaders for Renewed Global Cooperation\", in which the United Nations Global Compact calls on companies to support international cooperation and inclusive multilateralism in the face of global risks.","canonical_url":"https:\/\/www.enka.com\/sustainability\/statement-from-business-leaders-for-renewed-global-cooperation\/","robots":"max-image-preview:large","keywords":"#enkaconstruction,#enkainsaat,enkasustainability,unitednationsglobalcompact,unitingbusiness,doing good business","webmasterTools":{"google-site-verification":"UQ-k7hcOVZluZene7_iGgI7iewEm4fFqYkW4KY9-n28","miscellaneous":"&lt;!-- Google tag (gtag.js) --&gt;\n&lt;script async src=\"https:\/\/www.googletagmanager.com\/gtag\/js?id=G-NQHTTC6MQB\"&gt;&lt;\/script&gt;\n&lt;script&gt;\n  window.dataLayer = window.dataLayer || [];\n  function gtag(){dataLayer.push(arguments);}\n  gtag('js', new Date());\n\n  gtag('config', 'G-NQHTTC6MQB');\n&lt;\/script&gt;"},"schema":{"@context":"https:\/\/schema.org","@graph":[{"@type":"Article","@id":"https:\/\/www.enka.com\/sustainability\/statement-from-business-leaders-for-renewed-global-cooperation\/#article","name":"Statement from Business Leaders for Renewed Global Cooperation | ENKA \u0130n\u015faat ve Sanayi A.\u015e.","headline":"Statement from Business Leaders for Renewed Global Cooperation","author":{"@id":"https:\/\/www.enka.com\/sustainability\/author\/emin-yilmaz_245368_-2-2-2-2-2-2-2-2-2-2-2\/#author"},"publisher":{"@id":"https:\/\/www.enka.com\/sustainability\/#organization"},"image":{"@type":"ImageObject","url":"https:\/\/www.enka.com\/sustainability\/wp-content\/uploads\/2020\/09\/Global-Compact.jpg","width":915,"height":509},"datePublished":"2020-09-25T16:44:57+03:00","dateModified":"2020-09-28T11:54:53+03:00","inLanguage":"en-US","mainEntityOfPage":{"@id":"https:\/\/www.enka.com\/sustainability\/statement-from-business-leaders-for-renewed-global-cooperation\/#webpage"},"isPartOf":{"@id":"https:\/\/www.enka.com\/sustainability\/statement-from-business-leaders-for-renewed-global-cooperation\/#webpage"},"articleSection":"Doing Good Business, #enkaconstruction, #enkainsaat, enkasustainability, unitednationsglobalcompact, unitingbusiness, Optional"},{"@type":"BreadcrumbList","@id":"https:\/\/www.enka.com\/sustainability\/statement-from-business-leaders-for-renewed-global-cooperation\/#breadcrumblist","itemListElement":[{"@type":"ListItem","@id":"https:\/\/www.enka.com\/sustainability#listItem","position":1,"name":"Home","item":"https:\/\/www.enka.com\/sustainability","nextItem":{"@type":"ListItem","@id":"https:\/\/www.enka.com\/sustainability\/category\/all\/#listItem","name":"All"}},{"@type":"ListItem","@id":"https:\/\/www.enka.com\/sustainability\/category\/all\/#listItem","position":2,"name":"All","item":"https:\/\/www.enka.com\/sustainability\/category\/all\/","nextItem":{"@type":"ListItem","@id":"https:\/\/www.enka.com\/sustainability\/category\/all\/doing-good-business\/#listItem","name":"Doing Good Business"},"previousItem":{"@type":"ListItem","@id":"https:\/\/www.enka.com\/sustainability#listItem","name":"Home"}},{"@type":"ListItem","@id":"https:\/\/www.enka.com\/sustainability\/category\/all\/doing-good-business\/#listItem","position":3,"name":"Doing Good Business","item":"https:\/\/www.enka.com\/sustainability\/category\/all\/doing-good-business\/","nextItem":{"@type":"ListItem","@id":"https:\/\/www.enka.com\/sustainability\/statement-from-business-leaders-for-renewed-global-cooperation\/#listItem","name":"Statement from Business Leaders for Renewed Global Cooperation"},"previousItem":{"@type":"ListItem","@id":"https:\/\/www.enka.com\/sustainability\/category\/all\/#listItem","name":"All"}},{"@type":"ListItem","@id":"https:\/\/www.enka.com\/sustainability\/statement-from-business-leaders-for-renewed-global-cooperation\/#listItem","position":4,"name":"Statement from Business Leaders for Renewed Global Cooperation","previousItem":{"@type":"ListItem","@id":"https:\/\/www.enka.com\/sustainability\/category\/all\/doing-good-business\/#listItem","name":"Doing Good Business"}}]},{"@type":"Organization","@id":"https:\/\/www.enka.com\/sustainability\/#organization","name":"ENKA \u0130n\u015faat ve Sanayi A.\u015e.","description":"Engineering for a sustainable future","url":"https:\/\/www.enka.com\/sustainability\/","telephone":"+902123761000","logo":{"@type":"ImageObject","url":"https:\/\/www.enka.com\/wp-content\/uploads\/2015\/07\/enka-icon-112x112-1.png","@id":"https:\/\/www.enka.com\/sustainability\/statement-from-business-leaders-for-renewed-global-cooperation\/#organizationLogo"},"image":{"@id":"https:\/\/www.enka.com\/sustainability\/statement-from-business-leaders-for-renewed-global-cooperation\/#organizationLogo"},"sameAs":["https:\/\/www.instagram.com\/enka_insaat_official\/","https:\/\/www.youtube.com\/channel\/UCtdqyCnE1uZiCkl3Luedj6Q","https:\/\/www.linkedin.com\/company\/enka"]},{"@type":"Person","@id":"https:\/\/www.enka.com\/sustainability\/author\/emin-yilmaz_245368_-2-2-2-2-2-2-2-2-2-2-2\/#author","url":"https:\/\/www.enka.com\/sustainability\/author\/emin-yilmaz_245368_-2-2-2-2-2-2-2-2-2-2-2\/","name":"admin","image":{"@type":"ImageObject","@id":"https:\/\/www.enka.com\/sustainability\/statement-from-business-leaders-for-renewed-global-cooperation\/#authorImage","url":"https:\/\/www.enka.com\/sustainability\/wp-content\/litespeed\/avatar\/53f5212c4af111fe0e96fd62ef85a638.jpg?ver=1788538427","width":96,"height":96,"caption":"admin"}},{"@type":"WebPage","@id":"https:\/\/www.enka.com\/sustainability\/statement-from-business-leaders-for-renewed-global-cooperation\/#webpage","url":"https:\/\/www.enka.com\/sustainability\/statement-from-business-leaders-for-renewed-global-cooperation\/","name":"Statement from Business Leaders for Renewed Global Cooperation | ENKA \u0130n\u015faat ve Sanayi A.\u015e.","description":"Declaring that we support global cooperation, ENKA\u2019s President and Chairman of the Executive Committee, Mehmet Tara, has become one of the CEOs who signed the \"Statement from Business Leaders for Renewed Global Cooperation\", in which the United Nations Global Compact calls on companies to support international cooperation and inclusive multilateralism in the face of global risks.","inLanguage":"en-US","isPartOf":{"@id":"https:\/\/www.enka.com\/sustainability\/#website"},"breadcrumb":{"@id":"https:\/\/www.enka.com\/sustainability\/statement-from-business-leaders-for-renewed-global-cooperation\/#breadcrumblist"},"author":{"@id":"https:\/\/www.enka.com\/sustainability\/author\/emin-yilmaz_245368_-2-2-2-2-2-2-2-2-2-2-2\/#author"},"creator":{"@id":"https:\/\/www.enka.com\/sustainability\/author\/emin-yilmaz_245368_-2-2-2-2-2-2-2-2-2-2-2\/#author"},"image":{"@type":"ImageObject","url":"https:\/\/www.enka.com\/sustainability\/wp-content\/uploads\/2020\/09\/Global-Compact.jpg","@id":"https:\/\/www.enka.com\/sustainability\/statement-from-business-leaders-for-renewed-global-cooperation\/#mainImage","width":915,"height":509},"primaryImageOfPage":{"@id":"https:\/\/www.enka.com\/sustainability\/statement-from-business-leaders-for-renewed-global-cooperation\/#mainImage"},"datePublished":"2020-09-25T16:44:57+03:00","dateModified":"2020-09-28T11:54:53+03:00"},{"@type":"WebSite","@id":"https:\/\/www.enka.com\/sustainability\/#website","url":"https:\/\/www.enka.com\/sustainability\/","name":"ENKA \u0130n\u015faat ve Sanayi A.\u015e.","description":"Engineering for a sustainable future","inLanguage":"en-US","publisher":{"@id":"https:\/\/www.enka.com\/sustainability\/#organization"}}]},"og:locale":"en_US","og:site_name":"ENKA \u0130n\u015faat ve Sanayi A.\u015e.","og:type":"article","og:title":"Statement from Business Leaders for Renewed Global Cooperation | ENKA \u0130n\u015faat ve Sanayi A.\u015e.","og:description":"Declaring that we support global cooperation, ENKA\u2019s President and Chairman of the Executive Committee, Mehmet Tara, has become one of the CEOs who signed the &quot;Statement from Business Leaders for Renewed Global Cooperation&quot;, in which the United Nations Global Compact calls on companies to support international cooperation and inclusive multilateralism in the face of global risks.","og:url":"https:\/\/www.enka.com\/sustainability\/statement-from-business-leaders-for-renewed-global-cooperation\/","og:image":"https:\/\/www.enka.com\/sustainability\/wp-content\/uploads\/2020\/09\/Global-Compact.jpg","og:image:secure_url":"https:\/\/www.enka.com\/sustainability\/wp-content\/uploads\/2020\/09\/Global-Compact.jpg","og:image:width":915,"og:image:height":509,"article:published_time":"2020-09-25T13:44:57+00:00","article:modified_time":"2020-09-28T08:54:53+00:00","article:publisher":"https:\/\/www.facebook.com\/enkaconstruction","twitter:card":"summary","twitter:site":"@ENKA_Cons","twitter:title":"Statement from Business Leaders for Renewed Global Cooperation | ENKA \u0130n\u015faat ve Sanayi A.\u015e.","twitter:description":"Declaring that we support global cooperation, ENKA\u2019s President and Chairman of the Executive Committee, Mehmet Tara, has become one of the CEOs who signed the &quot;Statement from Business Leaders for Renewed Global Cooperation&quot;, in which the United Nations Global Compact calls on companies to support international cooperation and inclusive multilateralism in the face of global risks.","twitter:image":"https:\/\/www.enka.com\/sustainability\/wp-content\/uploads\/2020\/09\/Global-Compact.jpg"},"aioseo_meta_data":{"post_id":"9303","title":"Statement from Business Leaders for Renewed Global Cooperation | #site_title","description":"Declaring that we support global cooperation, ENKA\u2019s President and Chairman of the Executive Committee, Mehmet Tara, has become one of the CEOs who signed the &quot;Statement from Business Leaders for Renewed Global Cooperation&quot;, in which the United Nations Global Compact calls on companies to support international cooperation and inclusive multilateralism in the face of global risks.","keywords":"","keyphrases":{"focus":[],"additional":[]},"primary_term":null,"canonical_url":"","og_title":null,"og_description":null,"og_object_type":"default","og_image_type":"default","og_image_url":null,"og_image_width":null,"og_image_height":null,"og_image_custom_url":null,"og_image_custom_fields":null,"og_video":null,"og_custom_url":null,"og_article_section":null,"og_article_tags":null,"twitter_use_og":false,"twitter_card":"default","twitter_image_type":"default","twitter_image_url":null,"twitter_image_custom_url":null,"twitter_image_custom_fields":null,"twitter_title":null,"twitter_description":null,"schema":{"blockGraphs":[],"customGraphs":[],"default":{"data":{"Article":[],"Course":[],"Dataset":[],"FAQPage":[],"Movie":[],"Person":[],"Product":[],"ProductReview":[],"Car":[],"Recipe":[],"Service":[],"SoftwareApplication":[],"WebPage":[]},"graphName":"Article","isEnabled":true},"graphs":[]},"schema_type":null,"schema_type_options":null,"pillar_content":false,"robots_default":true,"robots_noindex":false,"robots_noarchive":false,"robots_nosnippet":false,"robots_nofollow":false,"robots_noimageindex":false,"robots_noodp":false,"robots_notranslate":false,"robots_max_snippet":null,"robots_max_videopreview":null,"robots_max_imagepreview":"large","priority":null,"frequency":"default","local_seo":null,"breadcrumb_settings":null,"limit_modified_date":false,"open_ai":null,"ai":null,"created":"2021-02-02 14:01:47","updated":"2026-08-26 14:03:33","seo_analyzer_scan_date":null,"focus_keyword":null,"additional_keywords":null,"truseo_locale":null},"acf":[],"_links":{"self":[{"href":"https:\/\/www.enka.com\/sustainability\/wp-json\/wp\/v2\/posts\/9303","targetHints":{"allow":["GET"]}}],"collection":[{"href":"https:\/\/www.enka.com\/sustainability\/wp-json\/wp\/v2\/posts"}],"about":[{"href":"https:\/\/www.enka.com\/sustainability\/wp-json\/wp\/v2\/types\/post"}],"author":[{"embeddable":true,"href":"https:\/\/www.enka.com\/sustainability\/wp-json\/wp\/v2\/users\/1"}],"replies":[{"embeddable":true,"href":"https:\/\/www.enka.com\/sustainability\/wp-json\/wp\/v2\/comments?post=9303"}],"version-history":[{"count":0,"href":"https:\/\/www.enka.com\/sustainability\/wp-json\/wp\/v2\/posts\/9303\/revisions"}],"wp:featuredmedia":[{"embeddable":true,"href":"https:\/\/www.enka.com\/sustainability\/wp-json\/wp\/v2\/media\/9304"}],"wp:attachment":[{"href":"https:\/\/www.enka.com\/sustainability\/wp-json\/wp\/v2\/media?parent=9303"}],"wp:term":[{"taxonomy":"category","embeddable":true,"href":"https:\/\/www.enka.com\/sustainability\/wp-json\/wp\/v2\/categories?post=9303"},{"taxonomy":"post_tag","embeddable":true,"href":"https:\/\/www.enka.com\/sustainability\/wp-json\/wp\/v2\/tags?post=9303"}],"curies":[{"name":"wp","href":"https:\/\/api.w.org\/{rel}","templated":true}]}}