{"id":25854,"date":"2015-07-04T09:22:53","date_gmt":"2015-07-04T07:22:53","guid":{"rendered":"http:\/\/172.30.28.12\/en\/tr\/enka-sailing-ataturk-moda-yacht-race-irc2-second-place\/"},"modified":"2020-06-25T15:30:04","modified_gmt":"2020-06-25T12:30:04","slug":"enka-yelken-ataturk-moda-yat-yarisi-irc2-ikinciligi","status":"publish","type":"post","link":"https:\/\/www.enka.com\/tr\/enka-yelken-ataturk-moda-yat-yarisi-irc2-ikinciligi\/","title":{"rendered":"ENKA Yelken, Atat\u00fcrk Moda Yat Yar\u0131\u015f\u0131 IRC2 \u0130kincili\u011fi"},"content":{"rendered":"<div class=\"clearfix\" style=\"height: 20px\"><\/div>\n<p style=\"text-align: justify;\">Atat\u00fcrk Moda Yat Yar\u0131\u015f\u0131; \u0130stanbul Yelken Kul\u00fcb\u00fc ve Moda Deniz Kul\u00fcb\u00fc i\u015fbirli\u011fiyle 04 Temmuz\u2019da Moda &#8211; Adalar g\u00fczergah\u0131nda d\u00fczenlendi. IRC2 s\u0131n\u0131f\u0131nda yar\u0131\u015fan ENKA Yelkencilik, ikinci oldu. Tak\u0131m arkada\u015flar\u0131m\u0131z\u0131 b\u00f6yle \u00f6nemli bir yar\u0131\u015ftaki ba\u015far\u0131lar\u0131ndan dolay\u0131 kutluyoruz.<\/p>\n","protected":false},"excerpt":{"rendered":"<p>Atat\u00fcrk Moda Yat Yar\u0131\u015f\u0131; \u0130stanbul Yelken Kul\u00fcb\u00fc ve Moda Deniz Kul\u00fcb\u00fc i\u015fbirli\u011fiyle 04 Temmuz\u2019da Moda &#8211; Adalar g\u00fczergah\u0131nda d\u00fczenlendi. IRC2 s\u0131n\u0131f\u0131nda yar\u0131\u015fan ENKA Yelkencilik, ikinci oldu. Tak\u0131m arkada\u015flar\u0131m\u0131z\u0131 b\u00f6yle \u00f6nemli bir yar\u0131\u015ftaki ba\u015far\u0131lar\u0131ndan dolay\u0131 kutluyoruz.<\/p>\n","protected":false},"author":25,"featured_media":19922,"comment_status":"closed","ping_status":"closed","sticky":false,"template":"","format":"video","meta":{"_acf_changed":false,"footnotes":""},"categories":[630],"tags":[],"class_list":["post-25854","post","type-post","status-publish","format-video","has-post-thumbnail","hentry","category-enka-spor","post_format-post-format-video"],"aioseo_notices":[],"aioseo_head":"\n\t\t<!-- All in One SEO 5.0.1.1 - aioseo.com -->\n\t<meta name=\"description\" content=\"Atat\u00fcrk Moda Yat Yar\u0131\u015f\u0131; \u0130stanbul Yelken Kul\u00fcb\u00fc ve Moda Deniz Kul\u00fcb\u00fc i\u015fbirli\u011fiyle 04 Temmuz\u2019da Moda - Adalar g\u00fczergah\u0131nda d\u00fczenlendi.\" \/>\n\t<meta name=\"robots\" content=\"max-image-preview:large\" \/>\n\t<meta name=\"author\" content=\"Emin Y\u0131lmaz\"\/>\n\t<meta name=\"google-site-verification\" content=\"UQ-k7hcOVZluZene7_iGgI7iewEm4fFqYkW4KY9-n28\" \/>\n\t<meta name=\"p:domain_verify\" content=\"61890147e937e076e1c5dfdd6aeed81a\" \/>\n\t<meta name=\"yandex-verification\" content=\"5d2561526cb84137\" \/>\n\t<link rel=\"canonical\" href=\"https:\/\/www.enka.com\/tr\/enka-yelken-ataturk-moda-yat-yarisi-irc2-ikinciligi\/\" \/>\n\t<meta name=\"generator\" content=\"All in One SEO (AIOSEO) 5.0.1.1\" \/>\n\n\t\t<!-- Google tag (gtag.js) -->\n<script async src=\"https:\/\/www.googletagmanager.com\/gtag\/js?id=G-NQHTTC6MQB\"><\/script>\n<script>\n  window.dataLayer = window.dataLayer || [];\n  function gtag(){dataLayer.push(arguments);}\n  gtag('js', new Date());\n\n  gtag('config', 'G-NQHTTC6MQB');\n<\/script>\n\t\t<meta property=\"og:locale\" content=\"tr_TR\" \/>\n\t\t<meta property=\"og:site_name\" content=\"ENKA \u0130n\u015faat ve Sanayi A.\u015e.\" \/>\n\t\t<meta property=\"og:type\" content=\"article\" \/>\n\t\t<meta property=\"og:title\" content=\"ENKA Yelken | ENKA \u0130n\u015faat ve Sanayi A.\u015e.\" \/>\n\t\t<meta property=\"og:description\" content=\"Atat\u00fcrk Moda Yat Yar\u0131\u015f\u0131; \u0130stanbul Yelken Kul\u00fcb\u00fc ve Moda Deniz Kul\u00fcb\u00fc i\u015fbirli\u011fiyle 04 Temmuz\u2019da Moda - Adalar g\u00fczergah\u0131nda d\u00fczenlendi.\" \/>\n\t\t<meta property=\"og:url\" content=\"https:\/\/www.enka.com\/tr\/enka-yelken-ataturk-moda-yat-yarisi-irc2-ikinciligi\/\" \/>\n\t\t<meta property=\"fb:admins\" content=\"334532790084532\" \/>\n\t\t<meta property=\"og:image\" content=\"https:\/\/www.enka.com\/wp-content\/uploads\/2015\/03\/ENKA-Yelken.jpg\" \/>\n\t\t<meta property=\"og:image:secure_url\" content=\"https:\/\/www.enka.com\/wp-content\/uploads\/2015\/03\/ENKA-Yelken.jpg\" \/>\n\t\t<meta property=\"og:image:width\" content=\"1600\" \/>\n\t\t<meta property=\"og:image:height\" content=\"1200\" \/>\n\t\t<meta property=\"article:published_time\" content=\"2015-07-04T07:22:53+00:00\" \/>\n\t\t<meta property=\"article:modified_time\" content=\"2020-06-25T12:30:04+00:00\" \/>\n\t\t<meta property=\"article:publisher\" content=\"https:\/\/www.facebook.com\/enkaconstruction\/\" \/>\n\t\t<meta name=\"twitter:card\" content=\"summary_large_image\" \/>\n\t\t<meta name=\"twitter:site\" content=\"@ENKA_Cons\" \/>\n\t\t<meta name=\"twitter:title\" content=\"ENKA Yelken | ENKA \u0130n\u015faat ve Sanayi A.\u015e.\" \/>\n\t\t<meta name=\"twitter:description\" content=\"Atat\u00fcrk Moda Yat Yar\u0131\u015f\u0131; \u0130stanbul Yelken Kul\u00fcb\u00fc ve Moda Deniz Kul\u00fcb\u00fc i\u015fbirli\u011fiyle 04 Temmuz\u2019da Moda - Adalar g\u00fczergah\u0131nda d\u00fczenlendi.\" \/>\n\t\t<meta name=\"twitter:image\" content=\"https:\/\/www.enka.com\/wp-content\/uploads\/2015\/03\/ENKA-Yelken.jpg\" \/>\n\t\t<script type=\"application\/ld+json\" class=\"aioseo-schema\">\n\t\t\t{\"@context\":\"https:\\\/\\\/schema.org\",\"@graph\":[{\"@type\":\"Article\",\"@id\":\"https:\\\/\\\/www.enka.com\\\/tr\\\/enka-yelken-ataturk-moda-yat-yarisi-irc2-ikinciligi\\\/#article\",\"name\":\"ENKA Yelken | ENKA \\u0130n\\u015faat ve Sanayi A.\\u015e.\",\"headline\":\"ENKA Yelken, Atat\\u00fcrk Moda Yat Yar\\u0131\\u015f\\u0131 IRC2 \\u0130kincili\\u011fi\",\"author\":{\"@id\":\"https:\\\/\\\/www.enka.com\\\/tr\\\/author\\\/emin-yilmaz_245368_-2-2-2-2-2-2-2-2-2-2-2-2\\\/#author\"},\"publisher\":{\"@id\":\"https:\\\/\\\/www.enka.com\\\/tr\\\/#organization\"},\"image\":{\"@type\":\"ImageObject\",\"url\":\"https:\\\/\\\/www.enka.com\\\/wp-content\\\/uploads\\\/2015\\\/03\\\/ENKA-Yelken.jpg\",\"width\":1600,\"height\":1200},\"datePublished\":\"2015-07-04T09:22:53+03:00\",\"dateModified\":\"2020-06-25T15:30:04+03:00\",\"inLanguage\":\"tr-TR\",\"mainEntityOfPage\":{\"@id\":\"https:\\\/\\\/www.enka.com\\\/tr\\\/enka-yelken-ataturk-moda-yat-yarisi-irc2-ikinciligi\\\/#webpage\"},\"isPartOf\":{\"@id\":\"https:\\\/\\\/www.enka.com\\\/tr\\\/enka-yelken-ataturk-moda-yat-yarisi-irc2-ikinciligi\\\/#webpage\"},\"articleSection\":\"Spor, Video, Optional\"},{\"@type\":\"BreadcrumbList\",\"@id\":\"https:\\\/\\\/www.enka.com\\\/tr\\\/enka-yelken-ataturk-moda-yat-yarisi-irc2-ikinciligi\\\/#breadcrumblist\",\"itemListElement\":[{\"@type\":\"ListItem\",\"@id\":\"https:\\\/\\\/www.enka.com\\\/tr\\\/#listItem\",\"position\":1,\"name\":\"Home\",\"item\":\"https:\\\/\\\/www.enka.com\\\/tr\\\/\",\"nextItem\":{\"@type\":\"ListItem\",\"@id\":\"https:\\\/\\\/www.enka.com\\\/tr\\\/category\\\/enka-spor\\\/#listItem\",\"name\":\"Spor\"}},{\"@type\":\"ListItem\",\"@id\":\"https:\\\/\\\/www.enka.com\\\/tr\\\/category\\\/enka-spor\\\/#listItem\",\"position\":2,\"name\":\"Spor\",\"item\":\"https:\\\/\\\/www.enka.com\\\/tr\\\/category\\\/enka-spor\\\/\",\"nextItem\":{\"@type\":\"ListItem\",\"@id\":\"https:\\\/\\\/www.enka.com\\\/tr\\\/enka-yelken-ataturk-moda-yat-yarisi-irc2-ikinciligi\\\/#listItem\",\"name\":\"ENKA Yelken, Atat\\u00fcrk Moda Yat Yar\\u0131\\u015f\\u0131 IRC2 \\u0130kincili\\u011fi\"},\"previousItem\":{\"@type\":\"ListItem\",\"@id\":\"https:\\\/\\\/www.enka.com\\\/tr\\\/#listItem\",\"name\":\"Home\"}},{\"@type\":\"ListItem\",\"@id\":\"https:\\\/\\\/www.enka.com\\\/tr\\\/enka-yelken-ataturk-moda-yat-yarisi-irc2-ikinciligi\\\/#listItem\",\"position\":3,\"name\":\"ENKA Yelken, Atat\\u00fcrk Moda Yat Yar\\u0131\\u015f\\u0131 IRC2 \\u0130kincili\\u011fi\",\"previousItem\":{\"@type\":\"ListItem\",\"@id\":\"https:\\\/\\\/www.enka.com\\\/tr\\\/category\\\/enka-spor\\\/#listItem\",\"name\":\"Spor\"}}]},{\"@type\":\"Organization\",\"@id\":\"https:\\\/\\\/www.enka.com\\\/tr\\\/#organization\",\"name\":\"ENKA \\u0130n\\u015faat ve Sanayi A.\\u015e.\",\"description\":\"ENKA, T\\u00fcrkiye\\u2019nin en b\\u00fcy\\u00fck in\\u015faat \\u015firketi olmakla beraber, 1982 y\\u0131l\\u0131ndan bu yana ENR En \\u0130yi Uluslararas\\u0131 M\\u00fcteahhitler aras\\u0131nda yer almaktad\\u0131r.\",\"url\":\"https:\\\/\\\/www.enka.com\\\/tr\\\/\",\"telephone\":\"+902123761000\",\"logo\":{\"@type\":\"ImageObject\",\"url\":\"https:\\\/\\\/www.enka.com\\\/wp-content\\\/uploads\\\/2015\\\/07\\\/enka-icon-112x112-1.png\",\"@id\":\"https:\\\/\\\/www.enka.com\\\/tr\\\/enka-yelken-ataturk-moda-yat-yarisi-irc2-ikinciligi\\\/#organizationLogo\",\"width\":112,\"height\":112},\"image\":{\"@id\":\"https:\\\/\\\/www.enka.com\\\/tr\\\/enka-yelken-ataturk-moda-yat-yarisi-irc2-ikinciligi\\\/#organizationLogo\"},\"sameAs\":[\"https:\\\/\\\/www.instagram.com\\\/enka_insaat_official\\\/\",\"https:\\\/\\\/www.youtube.com\\\/channel\\\/UCtdqyCnE1uZiCkl3Luedj6Q\",\"https:\\\/\\\/www.linkedin.com\\\/company\\\/enka\"]},{\"@type\":\"Person\",\"@id\":\"https:\\\/\\\/www.enka.com\\\/tr\\\/author\\\/emin-yilmaz_245368_-2-2-2-2-2-2-2-2-2-2-2-2\\\/#author\",\"url\":\"https:\\\/\\\/www.enka.com\\\/tr\\\/author\\\/emin-yilmaz_245368_-2-2-2-2-2-2-2-2-2-2-2-2\\\/\",\"name\":\"Emin Y\\u0131lmaz\",\"image\":{\"@type\":\"ImageObject\",\"@id\":\"https:\\\/\\\/www.enka.com\\\/tr\\\/enka-yelken-ataturk-moda-yat-yarisi-irc2-ikinciligi\\\/#authorImage\",\"url\":\"https:\\\/\\\/www.enka.com\\\/wp-content\\\/litespeed\\\/avatar\\\/53f5212c4af111fe0e96fd62ef85a638.jpg?ver=1787909630\",\"width\":96,\"height\":96,\"caption\":\"Emin Y\\u0131lmaz\"}},{\"@type\":\"WebPage\",\"@id\":\"https:\\\/\\\/www.enka.com\\\/tr\\\/enka-yelken-ataturk-moda-yat-yarisi-irc2-ikinciligi\\\/#webpage\",\"url\":\"https:\\\/\\\/www.enka.com\\\/tr\\\/enka-yelken-ataturk-moda-yat-yarisi-irc2-ikinciligi\\\/\",\"name\":\"ENKA Yelken | ENKA \\u0130n\\u015faat ve Sanayi A.\\u015e.\",\"description\":\"Atat\\u00fcrk Moda Yat Yar\\u0131\\u015f\\u0131; \\u0130stanbul Yelken Kul\\u00fcb\\u00fc ve Moda Deniz Kul\\u00fcb\\u00fc i\\u015fbirli\\u011fiyle 04 Temmuz\\u2019da Moda - Adalar g\\u00fczergah\\u0131nda d\\u00fczenlendi.\",\"inLanguage\":\"tr-TR\",\"isPartOf\":{\"@id\":\"https:\\\/\\\/www.enka.com\\\/tr\\\/#website\"},\"breadcrumb\":{\"@id\":\"https:\\\/\\\/www.enka.com\\\/tr\\\/enka-yelken-ataturk-moda-yat-yarisi-irc2-ikinciligi\\\/#breadcrumblist\"},\"author\":{\"@id\":\"https:\\\/\\\/www.enka.com\\\/tr\\\/author\\\/emin-yilmaz_245368_-2-2-2-2-2-2-2-2-2-2-2-2\\\/#author\"},\"creator\":{\"@id\":\"https:\\\/\\\/www.enka.com\\\/tr\\\/author\\\/emin-yilmaz_245368_-2-2-2-2-2-2-2-2-2-2-2-2\\\/#author\"},\"image\":{\"@type\":\"ImageObject\",\"url\":\"https:\\\/\\\/www.enka.com\\\/wp-content\\\/uploads\\\/2015\\\/03\\\/ENKA-Yelken.jpg\",\"@id\":\"https:\\\/\\\/www.enka.com\\\/tr\\\/enka-yelken-ataturk-moda-yat-yarisi-irc2-ikinciligi\\\/#mainImage\",\"width\":1600,\"height\":1200},\"primaryImageOfPage\":{\"@id\":\"https:\\\/\\\/www.enka.com\\\/tr\\\/enka-yelken-ataturk-moda-yat-yarisi-irc2-ikinciligi\\\/#mainImage\"},\"datePublished\":\"2015-07-04T09:22:53+03:00\",\"dateModified\":\"2020-06-25T15:30:04+03:00\"},{\"@type\":\"WebSite\",\"@id\":\"https:\\\/\\\/www.enka.com\\\/tr\\\/#website\",\"url\":\"https:\\\/\\\/www.enka.com\\\/tr\\\/\",\"name\":\"ENKA \\u0130n\\u015faat ve Sanayi A.\\u015e.\",\"description\":\"ENKA, T\\u00fcrkiye\\u2019nin en b\\u00fcy\\u00fck in\\u015faat \\u015firketi olmakla beraber, 1982 y\\u0131l\\u0131ndan bu yana ENR En \\u0130yi Uluslararas\\u0131 M\\u00fcteahhitler aras\\u0131nda yer almaktad\\u0131r.\",\"inLanguage\":\"tr-TR\",\"publisher\":{\"@id\":\"https:\\\/\\\/www.enka.com\\\/tr\\\/#organization\"}}]}\n\t\t<\/script>\n\t\t<!-- All in One SEO -->\n\n","aioseo_head_json":{"title":"ENKA Yelken | ENKA \u0130n\u015faat ve Sanayi A.\u015e.","description":"Atat\u00fcrk Moda Yat Yar\u0131\u015f\u0131; \u0130stanbul Yelken Kul\u00fcb\u00fc ve Moda Deniz Kul\u00fcb\u00fc i\u015fbirli\u011fiyle 04 Temmuz\u2019da Moda - Adalar g\u00fczergah\u0131nda d\u00fczenlendi.","canonical_url":"https:\/\/www.enka.com\/tr\/enka-yelken-ataturk-moda-yat-yarisi-irc2-ikinciligi\/","robots":"max-image-preview:large","keywords":"","webmasterTools":{"google-site-verification":"UQ-k7hcOVZluZene7_iGgI7iewEm4fFqYkW4KY9-n28","p:domain_verify":"61890147e937e076e1c5dfdd6aeed81a","yandex-verification":"5d2561526cb84137","miscellaneous":"&lt;!-- Google tag (gtag.js) --&gt;\n&lt;script async src=\"https:\/\/www.googletagmanager.com\/gtag\/js?id=G-NQHTTC6MQB\"&gt;&lt;\/script&gt;\n&lt;script&gt;\n  window.dataLayer = window.dataLayer || [];\n  function gtag(){dataLayer.push(arguments);}\n  gtag('js', new Date());\n\n  gtag('config', 'G-NQHTTC6MQB');\n&lt;\/script&gt;"},"schema":{"@context":"https:\/\/schema.org","@graph":[{"@type":"Article","@id":"https:\/\/www.enka.com\/tr\/enka-yelken-ataturk-moda-yat-yarisi-irc2-ikinciligi\/#article","name":"ENKA Yelken | ENKA \u0130n\u015faat ve Sanayi A.\u015e.","headline":"ENKA Yelken, Atat\u00fcrk Moda Yat Yar\u0131\u015f\u0131 IRC2 \u0130kincili\u011fi","author":{"@id":"https:\/\/www.enka.com\/tr\/author\/emin-yilmaz_245368_-2-2-2-2-2-2-2-2-2-2-2-2\/#author"},"publisher":{"@id":"https:\/\/www.enka.com\/tr\/#organization"},"image":{"@type":"ImageObject","url":"https:\/\/www.enka.com\/wp-content\/uploads\/2015\/03\/ENKA-Yelken.jpg","width":1600,"height":1200},"datePublished":"2015-07-04T09:22:53+03:00","dateModified":"2020-06-25T15:30:04+03:00","inLanguage":"tr-TR","mainEntityOfPage":{"@id":"https:\/\/www.enka.com\/tr\/enka-yelken-ataturk-moda-yat-yarisi-irc2-ikinciligi\/#webpage"},"isPartOf":{"@id":"https:\/\/www.enka.com\/tr\/enka-yelken-ataturk-moda-yat-yarisi-irc2-ikinciligi\/#webpage"},"articleSection":"Spor, Video, Optional"},{"@type":"BreadcrumbList","@id":"https:\/\/www.enka.com\/tr\/enka-yelken-ataturk-moda-yat-yarisi-irc2-ikinciligi\/#breadcrumblist","itemListElement":[{"@type":"ListItem","@id":"https:\/\/www.enka.com\/tr\/#listItem","position":1,"name":"Home","item":"https:\/\/www.enka.com\/tr\/","nextItem":{"@type":"ListItem","@id":"https:\/\/www.enka.com\/tr\/category\/enka-spor\/#listItem","name":"Spor"}},{"@type":"ListItem","@id":"https:\/\/www.enka.com\/tr\/category\/enka-spor\/#listItem","position":2,"name":"Spor","item":"https:\/\/www.enka.com\/tr\/category\/enka-spor\/","nextItem":{"@type":"ListItem","@id":"https:\/\/www.enka.com\/tr\/enka-yelken-ataturk-moda-yat-yarisi-irc2-ikinciligi\/#listItem","name":"ENKA Yelken, Atat\u00fcrk Moda Yat Yar\u0131\u015f\u0131 IRC2 \u0130kincili\u011fi"},"previousItem":{"@type":"ListItem","@id":"https:\/\/www.enka.com\/tr\/#listItem","name":"Home"}},{"@type":"ListItem","@id":"https:\/\/www.enka.com\/tr\/enka-yelken-ataturk-moda-yat-yarisi-irc2-ikinciligi\/#listItem","position":3,"name":"ENKA Yelken, Atat\u00fcrk Moda Yat Yar\u0131\u015f\u0131 IRC2 \u0130kincili\u011fi","previousItem":{"@type":"ListItem","@id":"https:\/\/www.enka.com\/tr\/category\/enka-spor\/#listItem","name":"Spor"}}]},{"@type":"Organization","@id":"https:\/\/www.enka.com\/tr\/#organization","name":"ENKA \u0130n\u015faat ve Sanayi A.\u015e.","description":"ENKA, T\u00fcrkiye\u2019nin en b\u00fcy\u00fck in\u015faat \u015firketi olmakla beraber, 1982 y\u0131l\u0131ndan bu yana ENR En \u0130yi Uluslararas\u0131 M\u00fcteahhitler aras\u0131nda yer almaktad\u0131r.","url":"https:\/\/www.enka.com\/tr\/","telephone":"+902123761000","logo":{"@type":"ImageObject","url":"https:\/\/www.enka.com\/wp-content\/uploads\/2015\/07\/enka-icon-112x112-1.png","@id":"https:\/\/www.enka.com\/tr\/enka-yelken-ataturk-moda-yat-yarisi-irc2-ikinciligi\/#organizationLogo","width":112,"height":112},"image":{"@id":"https:\/\/www.enka.com\/tr\/enka-yelken-ataturk-moda-yat-yarisi-irc2-ikinciligi\/#organizationLogo"},"sameAs":["https:\/\/www.instagram.com\/enka_insaat_official\/","https:\/\/www.youtube.com\/channel\/UCtdqyCnE1uZiCkl3Luedj6Q","https:\/\/www.linkedin.com\/company\/enka"]},{"@type":"Person","@id":"https:\/\/www.enka.com\/tr\/author\/emin-yilmaz_245368_-2-2-2-2-2-2-2-2-2-2-2-2\/#author","url":"https:\/\/www.enka.com\/tr\/author\/emin-yilmaz_245368_-2-2-2-2-2-2-2-2-2-2-2-2\/","name":"Emin Y\u0131lmaz","image":{"@type":"ImageObject","@id":"https:\/\/www.enka.com\/tr\/enka-yelken-ataturk-moda-yat-yarisi-irc2-ikinciligi\/#authorImage","url":"https:\/\/www.enka.com\/wp-content\/litespeed\/avatar\/53f5212c4af111fe0e96fd62ef85a638.jpg?ver=1787909630","width":96,"height":96,"caption":"Emin Y\u0131lmaz"}},{"@type":"WebPage","@id":"https:\/\/www.enka.com\/tr\/enka-yelken-ataturk-moda-yat-yarisi-irc2-ikinciligi\/#webpage","url":"https:\/\/www.enka.com\/tr\/enka-yelken-ataturk-moda-yat-yarisi-irc2-ikinciligi\/","name":"ENKA Yelken | ENKA \u0130n\u015faat ve Sanayi A.\u015e.","description":"Atat\u00fcrk Moda Yat Yar\u0131\u015f\u0131; \u0130stanbul Yelken Kul\u00fcb\u00fc ve Moda Deniz Kul\u00fcb\u00fc i\u015fbirli\u011fiyle 04 Temmuz\u2019da Moda - Adalar g\u00fczergah\u0131nda d\u00fczenlendi.","inLanguage":"tr-TR","isPartOf":{"@id":"https:\/\/www.enka.com\/tr\/#website"},"breadcrumb":{"@id":"https:\/\/www.enka.com\/tr\/enka-yelken-ataturk-moda-yat-yarisi-irc2-ikinciligi\/#breadcrumblist"},"author":{"@id":"https:\/\/www.enka.com\/tr\/author\/emin-yilmaz_245368_-2-2-2-2-2-2-2-2-2-2-2-2\/#author"},"creator":{"@id":"https:\/\/www.enka.com\/tr\/author\/emin-yilmaz_245368_-2-2-2-2-2-2-2-2-2-2-2-2\/#author"},"image":{"@type":"ImageObject","url":"https:\/\/www.enka.com\/wp-content\/uploads\/2015\/03\/ENKA-Yelken.jpg","@id":"https:\/\/www.enka.com\/tr\/enka-yelken-ataturk-moda-yat-yarisi-irc2-ikinciligi\/#mainImage","width":1600,"height":1200},"primaryImageOfPage":{"@id":"https:\/\/www.enka.com\/tr\/enka-yelken-ataturk-moda-yat-yarisi-irc2-ikinciligi\/#mainImage"},"datePublished":"2015-07-04T09:22:53+03:00","dateModified":"2020-06-25T15:30:04+03:00"},{"@type":"WebSite","@id":"https:\/\/www.enka.com\/tr\/#website","url":"https:\/\/www.enka.com\/tr\/","name":"ENKA \u0130n\u015faat ve Sanayi A.\u015e.","description":"ENKA, T\u00fcrkiye\u2019nin en b\u00fcy\u00fck in\u015faat \u015firketi olmakla beraber, 1982 y\u0131l\u0131ndan bu yana ENR En \u0130yi Uluslararas\u0131 M\u00fcteahhitler aras\u0131nda yer almaktad\u0131r.","inLanguage":"tr-TR","publisher":{"@id":"https:\/\/www.enka.com\/tr\/#organization"}}]},"og:locale":"tr_TR","og:site_name":"ENKA \u0130n\u015faat ve Sanayi A.\u015e.","og:type":"article","og:title":"ENKA Yelken | ENKA \u0130n\u015faat ve Sanayi A.\u015e.","og:description":"Atat\u00fcrk Moda Yat Yar\u0131\u015f\u0131; \u0130stanbul Yelken Kul\u00fcb\u00fc ve Moda Deniz Kul\u00fcb\u00fc i\u015fbirli\u011fiyle 04 Temmuz\u2019da Moda - Adalar g\u00fczergah\u0131nda d\u00fczenlendi.","og:url":"https:\/\/www.enka.com\/tr\/enka-yelken-ataturk-moda-yat-yarisi-irc2-ikinciligi\/","fb:admins":"334532790084532","og:image":"https:\/\/www.enka.com\/wp-content\/uploads\/2015\/03\/ENKA-Yelken.jpg","og:image:secure_url":"https:\/\/www.enka.com\/wp-content\/uploads\/2015\/03\/ENKA-Yelken.jpg","og:image:width":1600,"og:image:height":1200,"article:published_time":"2015-07-04T07:22:53+00:00","article:modified_time":"2020-06-25T12:30:04+00:00","article:publisher":"https:\/\/www.facebook.com\/enkaconstruction\/","twitter:card":"summary_large_image","twitter:site":"@ENKA_Cons","twitter:title":"ENKA Yelken | ENKA \u0130n\u015faat ve Sanayi A.\u015e.","twitter:description":"Atat\u00fcrk Moda Yat Yar\u0131\u015f\u0131; \u0130stanbul Yelken Kul\u00fcb\u00fc ve Moda Deniz Kul\u00fcb\u00fc i\u015fbirli\u011fiyle 04 Temmuz\u2019da Moda - Adalar g\u00fczergah\u0131nda d\u00fczenlendi.","twitter:image":"https:\/\/www.enka.com\/wp-content\/uploads\/2015\/03\/ENKA-Yelken.jpg"},"aioseo_meta_data":{"post_id":"25854","title":"ENKA Yelken | #site_title","description":"Atat\u00fcrk Moda Yat Yar\u0131\u015f\u0131; \u0130stanbul Yelken Kul\u00fcb\u00fc ve Moda Deniz Kul\u00fcb\u00fc i\u015fbirli\u011fiyle 04 Temmuz\u2019da Moda - Adalar g\u00fczergah\u0131nda d\u00fczenlendi.","keywords":null,"keyphrases":null,"primary_term":null,"canonical_url":null,"og_title":"","og_description":"","og_object_type":"article","og_image_type":"custom_image","og_image_url":null,"og_image_width":null,"og_image_height":null,"og_image_custom_url":"https:\/\/www.enka.com\/wp-content\/uploads\/2015\/03\/ENKA-Yelken-1024x768.jpg","og_image_custom_fields":null,"og_video":"","og_custom_url":null,"og_article_section":"","og_article_tags":"","twitter_use_og":false,"twitter_card":"summary_large_image","twitter_image_type":"default","twitter_image_url":null,"twitter_image_custom_url":null,"twitter_image_custom_fields":null,"twitter_title":null,"twitter_description":null,"schema":{"blockGraphs":[],"customGraphs":[],"default":{"data":{"Article":[],"Course":[],"Dataset":[],"FAQPage":[],"Movie":[],"Person":[],"Product":[],"ProductReview":[],"Car":[],"Recipe":[],"Service":[],"SoftwareApplication":[],"WebPage":[]},"graphName":"","isEnabled":true},"graphs":[]},"schema_type":null,"schema_type_options":null,"pillar_content":false,"robots_default":true,"robots_noindex":false,"robots_noarchive":false,"robots_nosnippet":false,"robots_nofollow":false,"robots_noimageindex":false,"robots_noodp":false,"robots_notranslate":false,"robots_max_snippet":null,"robots_max_videopreview":null,"robots_max_imagepreview":"large","priority":null,"frequency":null,"local_seo":null,"breadcrumb_settings":null,"limit_modified_date":false,"open_ai":null,"created":"2021-02-02 09:03:30","updated":"2025-06-08 12:55:03","ai":null,"seo_analyzer_scan_date":null,"focus_keyword":null,"additional_keywords":null,"truseo_locale":null},"acf":[],"_links":{"self":[{"href":"https:\/\/www.enka.com\/tr\/wp-json\/wp\/v2\/posts\/25854","targetHints":{"allow":["GET"]}}],"collection":[{"href":"https:\/\/www.enka.com\/tr\/wp-json\/wp\/v2\/posts"}],"about":[{"href":"https:\/\/www.enka.com\/tr\/wp-json\/wp\/v2\/types\/post"}],"author":[{"embeddable":true,"href":"https:\/\/www.enka.com\/tr\/wp-json\/wp\/v2\/users\/25"}],"replies":[{"embeddable":true,"href":"https:\/\/www.enka.com\/tr\/wp-json\/wp\/v2\/comments?post=25854"}],"version-history":[{"count":0,"href":"https:\/\/www.enka.com\/tr\/wp-json\/wp\/v2\/posts\/25854\/revisions"}],"wp:featuredmedia":[{"embeddable":true,"href":"https:\/\/www.enka.com\/tr\/wp-json\/wp\/v2\/media\/19922"}],"wp:attachment":[{"href":"https:\/\/www.enka.com\/tr\/wp-json\/wp\/v2\/media?parent=25854"}],"wp:term":[{"taxonomy":"category","embeddable":true,"href":"https:\/\/www.enka.com\/tr\/wp-json\/wp\/v2\/categories?post=25854"},{"taxonomy":"post_tag","embeddable":true,"href":"https:\/\/www.enka.com\/tr\/wp-json\/wp\/v2\/tags?post=25854"}],"curies":[{"name":"wp","href":"https:\/\/api.w.org\/{rel}","templated":true}]}}