{"id":25910,"date":"2015-10-03T11:16:21","date_gmt":"2015-10-03T09:16:21","guid":{"rendered":"http:\/\/172.30.28.12\/en\/tr\/extreme-sailing-act-7-held-in-istanbul\/"},"modified":"2020-06-26T10:09:34","modified_gmt":"2020-06-26T07:09:34","slug":"ekstrem-yelken-yarismasinin-7-ayagi-istanbulda-duzenlendi","status":"publish","type":"post","link":"https:\/\/www.enka.com\/tr\/ekstrem-yelken-yarismasinin-7-ayagi-istanbulda-duzenlendi\/","title":{"rendered":"Ekstrem Yelken Yar\u0131\u015fmas\u0131n\u0131n 7. aya\u011f\u0131 \u0130stanbul\u2019da d\u00fczenlendi"},"content":{"rendered":"<div class=\"clearfix\" style=\"height: 20px\"><\/div>\n<p style=\"text-align: justify;\">ENKA, \u0130stanbul\u2019da d\u00fczenlenen Ekstrem Yelken Yar\u0131\u015fmas\u0131n\u0131n 7. Aya\u011f\u0131nda T\u00fcrk Ekstrem Yelken Ekibi TEAM TURX\u2019\u00fc destekliyor. 01 Ekim 2015\u2019te ba\u015flayan etkinlik, Stadyum Yelkencilikle aksiyonu izleyicilerin aya\u011f\u0131na getiriyor. Konuklar\u0131n yar\u0131\u015f\u0131n merkezinde olmas\u0131, sudaki heyecan\u0131 b\u00fcy\u00fck \u00f6l\u00e7\u00fcde art\u0131r\u0131yor. Art\u0131k sonlara yakla\u015f\u0131lan bu etkinlikte T\u00fcrk Ekibine iyi \u015fanslar diliyoruz.<\/p>\n","protected":false},"excerpt":{"rendered":"<p>ENKA, \u0130stanbul\u2019da d\u00fczenlenen Ekstrem Yelken Yar\u0131\u015fmas\u0131n\u0131n 7. Aya\u011f\u0131nda T\u00fcrk Ekstrem Yelken Ekibi TEAM TURX\u2019\u00fc destekliyor. 01 Ekim 2015\u2019te ba\u015flayan etkinlik, Stadyum Yelkencilikle aksiyonu izleyicilerin aya\u011f\u0131na getiriyor. Konuklar\u0131n yar\u0131\u015f\u0131n merkezinde olmas\u0131, sudaki heyecan\u0131 b\u00fcy\u00fck \u00f6l\u00e7\u00fcde art\u0131r\u0131yor. Art\u0131k sonlara yakla\u015f\u0131lan bu etkinlikte T\u00fcrk Ekibine iyi \u015fanslar diliyoruz.<\/p>\n","protected":false},"author":25,"featured_media":19911,"comment_status":"closed","ping_status":"closed","sticky":false,"template":"","format":"image","meta":{"_acf_changed":false,"footnotes":""},"categories":[630],"tags":[],"class_list":["post-25910","post","type-post","status-publish","format-image","has-post-thumbnail","hentry","category-enka-spor","post_format-post-format-image"],"aioseo_notices":[],"aioseo_head":"\n\t\t<!-- All in One SEO 5.0.1.1 - aioseo.com -->\n\t<meta name=\"description\" content=\"ENKA, \u0130stanbul\u2019da d\u00fczenlenen Ekstrem Yelken Yar\u0131\u015fmas\u0131n\u0131n 7. Aya\u011f\u0131nda T\u00fcrk Ekstrem Yelken Ekibi TEAM TURX\u2019\u00fc destekliyor.\" \/>\n\t<meta name=\"robots\" content=\"max-image-preview:large\" \/>\n\t<meta name=\"author\" content=\"Emin Y\u0131lmaz\"\/>\n\t<meta name=\"google-site-verification\" content=\"UQ-k7hcOVZluZene7_iGgI7iewEm4fFqYkW4KY9-n28\" \/>\n\t<meta name=\"p:domain_verify\" content=\"61890147e937e076e1c5dfdd6aeed81a\" \/>\n\t<meta name=\"yandex-verification\" content=\"5d2561526cb84137\" \/>\n\t<link rel=\"canonical\" href=\"https:\/\/www.enka.com\/tr\/ekstrem-yelken-yarismasinin-7-ayagi-istanbulda-duzenlendi\/\" \/>\n\t<meta name=\"generator\" content=\"All in One SEO (AIOSEO) 5.0.1.1\" \/>\n\n\t\t<!-- Google tag (gtag.js) -->\n<script async src=\"https:\/\/www.googletagmanager.com\/gtag\/js?id=G-NQHTTC6MQB\"><\/script>\n<script>\n  window.dataLayer = window.dataLayer || [];\n  function gtag(){dataLayer.push(arguments);}\n  gtag('js', new Date());\n\n  gtag('config', 'G-NQHTTC6MQB');\n<\/script>\n\t\t<meta property=\"og:locale\" content=\"tr_TR\" \/>\n\t\t<meta property=\"og:site_name\" content=\"ENKA \u0130n\u015faat ve Sanayi A.\u015e.\" \/>\n\t\t<meta property=\"og:type\" content=\"article\" \/>\n\t\t<meta property=\"og:title\" content=\"Ekstrem Yelken Yar\u0131\u015fmas\u0131n\u0131n 7. aya\u011f\u0131 \u0130stanbul | ENKA \u0130n\u015faat ve Sanayi A.\u015e.\" \/>\n\t\t<meta property=\"og:description\" content=\"ENKA, \u0130stanbul\u2019da d\u00fczenlenen Ekstrem Yelken Yar\u0131\u015fmas\u0131n\u0131n 7. Aya\u011f\u0131nda T\u00fcrk Ekstrem Yelken Ekibi TEAM TURX\u2019\u00fc destekliyor.\" \/>\n\t\t<meta property=\"og:url\" content=\"https:\/\/www.enka.com\/tr\/ekstrem-yelken-yarismasinin-7-ayagi-istanbulda-duzenlendi\/\" \/>\n\t\t<meta property=\"fb:admins\" content=\"334532790084532\" \/>\n\t\t<meta property=\"og:image\" content=\"https:\/\/www.enka.com\/wp-content\/uploads\/2015\/10\/Extreme-Sailing.jpg\" \/>\n\t\t<meta property=\"og:image:secure_url\" content=\"https:\/\/www.enka.com\/wp-content\/uploads\/2015\/10\/Extreme-Sailing.jpg\" \/>\n\t\t<meta property=\"og:image:width\" content=\"1000\" \/>\n\t\t<meta property=\"og:image:height\" content=\"618\" \/>\n\t\t<meta property=\"article:published_time\" content=\"2015-10-03T09:16:21+00:00\" \/>\n\t\t<meta property=\"article:modified_time\" content=\"2020-06-26T07:09:34+00:00\" \/>\n\t\t<meta property=\"article:publisher\" content=\"https:\/\/www.facebook.com\/enkaconstruction\/\" \/>\n\t\t<meta name=\"twitter:card\" content=\"summary_large_image\" \/>\n\t\t<meta name=\"twitter:site\" content=\"@ENKA_Cons\" \/>\n\t\t<meta name=\"twitter:title\" content=\"Ekstrem Yelken Yar\u0131\u015fmas\u0131n\u0131n 7. aya\u011f\u0131 \u0130stanbul | ENKA \u0130n\u015faat ve Sanayi A.\u015e.\" \/>\n\t\t<meta name=\"twitter:description\" content=\"ENKA, \u0130stanbul\u2019da d\u00fczenlenen Ekstrem Yelken Yar\u0131\u015fmas\u0131n\u0131n 7. Aya\u011f\u0131nda T\u00fcrk Ekstrem Yelken Ekibi TEAM TURX\u2019\u00fc destekliyor.\" \/>\n\t\t<meta name=\"twitter:image\" content=\"https:\/\/www.enka.com\/wp-content\/uploads\/2015\/10\/Extreme-Sailing.jpg\" \/>\n\t\t<script type=\"application\/ld+json\" class=\"aioseo-schema\">\n\t\t\t{\"@context\":\"https:\\\/\\\/schema.org\",\"@graph\":[{\"@type\":\"Article\",\"@id\":\"https:\\\/\\\/www.enka.com\\\/tr\\\/ekstrem-yelken-yarismasinin-7-ayagi-istanbulda-duzenlendi\\\/#article\",\"name\":\"Ekstrem Yelken Yar\\u0131\\u015fmas\\u0131n\\u0131n 7. aya\\u011f\\u0131 \\u0130stanbul | ENKA \\u0130n\\u015faat ve Sanayi A.\\u015e.\",\"headline\":\"Ekstrem Yelken Yar\\u0131\\u015fmas\\u0131n\\u0131n 7. aya\\u011f\\u0131 \\u0130stanbul\\u2019da d\\u00fczenlendi\",\"author\":{\"@id\":\"https:\\\/\\\/www.enka.com\\\/tr\\\/author\\\/emin-yilmaz_245368_-2-2-2-2-2-2-2-2-2-2-2-2\\\/#author\"},\"publisher\":{\"@id\":\"https:\\\/\\\/www.enka.com\\\/tr\\\/#organization\"},\"image\":{\"@type\":\"ImageObject\",\"url\":\"https:\\\/\\\/www.enka.com\\\/wp-content\\\/uploads\\\/2015\\\/10\\\/Extreme-Sailing.jpg\",\"width\":1000,\"height\":618},\"datePublished\":\"2015-10-03T11:16:21+03:00\",\"dateModified\":\"2020-06-26T10:09:34+03:00\",\"inLanguage\":\"tr-TR\",\"mainEntityOfPage\":{\"@id\":\"https:\\\/\\\/www.enka.com\\\/tr\\\/ekstrem-yelken-yarismasinin-7-ayagi-istanbulda-duzenlendi\\\/#webpage\"},\"isPartOf\":{\"@id\":\"https:\\\/\\\/www.enka.com\\\/tr\\\/ekstrem-yelken-yarismasinin-7-ayagi-istanbulda-duzenlendi\\\/#webpage\"},\"articleSection\":\"Spor, G\\u00f6rsel, Optional\"},{\"@type\":\"BreadcrumbList\",\"@id\":\"https:\\\/\\\/www.enka.com\\\/tr\\\/ekstrem-yelken-yarismasinin-7-ayagi-istanbulda-duzenlendi\\\/#breadcrumblist\",\"itemListElement\":[{\"@type\":\"ListItem\",\"@id\":\"https:\\\/\\\/www.enka.com\\\/tr\\\/#listItem\",\"position\":1,\"name\":\"Home\",\"item\":\"https:\\\/\\\/www.enka.com\\\/tr\\\/\",\"nextItem\":{\"@type\":\"ListItem\",\"@id\":\"https:\\\/\\\/www.enka.com\\\/tr\\\/category\\\/enka-spor\\\/#listItem\",\"name\":\"Spor\"}},{\"@type\":\"ListItem\",\"@id\":\"https:\\\/\\\/www.enka.com\\\/tr\\\/category\\\/enka-spor\\\/#listItem\",\"position\":2,\"name\":\"Spor\",\"item\":\"https:\\\/\\\/www.enka.com\\\/tr\\\/category\\\/enka-spor\\\/\",\"nextItem\":{\"@type\":\"ListItem\",\"@id\":\"https:\\\/\\\/www.enka.com\\\/tr\\\/ekstrem-yelken-yarismasinin-7-ayagi-istanbulda-duzenlendi\\\/#listItem\",\"name\":\"Ekstrem Yelken Yar\\u0131\\u015fmas\\u0131n\\u0131n 7. aya\\u011f\\u0131 \\u0130stanbul\\u2019da d\\u00fczenlendi\"},\"previousItem\":{\"@type\":\"ListItem\",\"@id\":\"https:\\\/\\\/www.enka.com\\\/tr\\\/#listItem\",\"name\":\"Home\"}},{\"@type\":\"ListItem\",\"@id\":\"https:\\\/\\\/www.enka.com\\\/tr\\\/ekstrem-yelken-yarismasinin-7-ayagi-istanbulda-duzenlendi\\\/#listItem\",\"position\":3,\"name\":\"Ekstrem Yelken Yar\\u0131\\u015fmas\\u0131n\\u0131n 7. aya\\u011f\\u0131 \\u0130stanbul\\u2019da d\\u00fczenlendi\",\"previousItem\":{\"@type\":\"ListItem\",\"@id\":\"https:\\\/\\\/www.enka.com\\\/tr\\\/category\\\/enka-spor\\\/#listItem\",\"name\":\"Spor\"}}]},{\"@type\":\"Organization\",\"@id\":\"https:\\\/\\\/www.enka.com\\\/tr\\\/#organization\",\"name\":\"ENKA \\u0130n\\u015faat ve Sanayi A.\\u015e.\",\"description\":\"ENKA, T\\u00fcrkiye\\u2019nin en b\\u00fcy\\u00fck in\\u015faat \\u015firketi olmakla beraber, 1982 y\\u0131l\\u0131ndan bu yana ENR En \\u0130yi Uluslararas\\u0131 M\\u00fcteahhitler aras\\u0131nda yer almaktad\\u0131r.\",\"url\":\"https:\\\/\\\/www.enka.com\\\/tr\\\/\",\"telephone\":\"+902123761000\",\"logo\":{\"@type\":\"ImageObject\",\"url\":\"https:\\\/\\\/www.enka.com\\\/wp-content\\\/uploads\\\/2015\\\/07\\\/enka-icon-112x112-1.png\",\"@id\":\"https:\\\/\\\/www.enka.com\\\/tr\\\/ekstrem-yelken-yarismasinin-7-ayagi-istanbulda-duzenlendi\\\/#organizationLogo\",\"width\":112,\"height\":112},\"image\":{\"@id\":\"https:\\\/\\\/www.enka.com\\\/tr\\\/ekstrem-yelken-yarismasinin-7-ayagi-istanbulda-duzenlendi\\\/#organizationLogo\"},\"sameAs\":[\"https:\\\/\\\/www.instagram.com\\\/enka_insaat_official\\\/\",\"https:\\\/\\\/www.youtube.com\\\/channel\\\/UCtdqyCnE1uZiCkl3Luedj6Q\",\"https:\\\/\\\/www.linkedin.com\\\/company\\\/enka\"]},{\"@type\":\"Person\",\"@id\":\"https:\\\/\\\/www.enka.com\\\/tr\\\/author\\\/emin-yilmaz_245368_-2-2-2-2-2-2-2-2-2-2-2-2\\\/#author\",\"url\":\"https:\\\/\\\/www.enka.com\\\/tr\\\/author\\\/emin-yilmaz_245368_-2-2-2-2-2-2-2-2-2-2-2-2\\\/\",\"name\":\"Emin Y\\u0131lmaz\",\"image\":{\"@type\":\"ImageObject\",\"@id\":\"https:\\\/\\\/www.enka.com\\\/tr\\\/ekstrem-yelken-yarismasinin-7-ayagi-istanbulda-duzenlendi\\\/#authorImage\",\"url\":\"https:\\\/\\\/www.enka.com\\\/wp-content\\\/litespeed\\\/avatar\\\/53f5212c4af111fe0e96fd62ef85a638.jpg?ver=1787909630\",\"width\":96,\"height\":96,\"caption\":\"Emin Y\\u0131lmaz\"}},{\"@type\":\"WebPage\",\"@id\":\"https:\\\/\\\/www.enka.com\\\/tr\\\/ekstrem-yelken-yarismasinin-7-ayagi-istanbulda-duzenlendi\\\/#webpage\",\"url\":\"https:\\\/\\\/www.enka.com\\\/tr\\\/ekstrem-yelken-yarismasinin-7-ayagi-istanbulda-duzenlendi\\\/\",\"name\":\"Ekstrem Yelken Yar\\u0131\\u015fmas\\u0131n\\u0131n 7. aya\\u011f\\u0131 \\u0130stanbul | ENKA \\u0130n\\u015faat ve Sanayi A.\\u015e.\",\"description\":\"ENKA, \\u0130stanbul\\u2019da d\\u00fczenlenen Ekstrem Yelken Yar\\u0131\\u015fmas\\u0131n\\u0131n 7. Aya\\u011f\\u0131nda T\\u00fcrk Ekstrem Yelken Ekibi TEAM TURX\\u2019\\u00fc destekliyor.\",\"inLanguage\":\"tr-TR\",\"isPartOf\":{\"@id\":\"https:\\\/\\\/www.enka.com\\\/tr\\\/#website\"},\"breadcrumb\":{\"@id\":\"https:\\\/\\\/www.enka.com\\\/tr\\\/ekstrem-yelken-yarismasinin-7-ayagi-istanbulda-duzenlendi\\\/#breadcrumblist\"},\"author\":{\"@id\":\"https:\\\/\\\/www.enka.com\\\/tr\\\/author\\\/emin-yilmaz_245368_-2-2-2-2-2-2-2-2-2-2-2-2\\\/#author\"},\"creator\":{\"@id\":\"https:\\\/\\\/www.enka.com\\\/tr\\\/author\\\/emin-yilmaz_245368_-2-2-2-2-2-2-2-2-2-2-2-2\\\/#author\"},\"image\":{\"@type\":\"ImageObject\",\"url\":\"https:\\\/\\\/www.enka.com\\\/wp-content\\\/uploads\\\/2015\\\/10\\\/Extreme-Sailing.jpg\",\"@id\":\"https:\\\/\\\/www.enka.com\\\/tr\\\/ekstrem-yelken-yarismasinin-7-ayagi-istanbulda-duzenlendi\\\/#mainImage\",\"width\":1000,\"height\":618},\"primaryImageOfPage\":{\"@id\":\"https:\\\/\\\/www.enka.com\\\/tr\\\/ekstrem-yelken-yarismasinin-7-ayagi-istanbulda-duzenlendi\\\/#mainImage\"},\"datePublished\":\"2015-10-03T11:16:21+03:00\",\"dateModified\":\"2020-06-26T10:09:34+03:00\"},{\"@type\":\"WebSite\",\"@id\":\"https:\\\/\\\/www.enka.com\\\/tr\\\/#website\",\"url\":\"https:\\\/\\\/www.enka.com\\\/tr\\\/\",\"name\":\"ENKA \\u0130n\\u015faat ve Sanayi A.\\u015e.\",\"description\":\"ENKA, T\\u00fcrkiye\\u2019nin en b\\u00fcy\\u00fck in\\u015faat \\u015firketi olmakla beraber, 1982 y\\u0131l\\u0131ndan bu yana ENR En \\u0130yi Uluslararas\\u0131 M\\u00fcteahhitler aras\\u0131nda yer almaktad\\u0131r.\",\"inLanguage\":\"tr-TR\",\"publisher\":{\"@id\":\"https:\\\/\\\/www.enka.com\\\/tr\\\/#organization\"}}]}\n\t\t<\/script>\n\t\t<!-- All in One SEO -->\n\n","aioseo_head_json":{"title":"Ekstrem Yelken Yar\u0131\u015fmas\u0131n\u0131n 7. aya\u011f\u0131 \u0130stanbul | ENKA \u0130n\u015faat ve Sanayi A.\u015e.","description":"ENKA, \u0130stanbul\u2019da d\u00fczenlenen Ekstrem Yelken Yar\u0131\u015fmas\u0131n\u0131n 7. Aya\u011f\u0131nda T\u00fcrk Ekstrem Yelken Ekibi TEAM TURX\u2019\u00fc destekliyor.","canonical_url":"https:\/\/www.enka.com\/tr\/ekstrem-yelken-yarismasinin-7-ayagi-istanbulda-duzenlendi\/","robots":"max-image-preview:large","keywords":"","webmasterTools":{"google-site-verification":"UQ-k7hcOVZluZene7_iGgI7iewEm4fFqYkW4KY9-n28","p:domain_verify":"61890147e937e076e1c5dfdd6aeed81a","yandex-verification":"5d2561526cb84137","miscellaneous":"&lt;!-- Google tag (gtag.js) --&gt;\n&lt;script async src=\"https:\/\/www.googletagmanager.com\/gtag\/js?id=G-NQHTTC6MQB\"&gt;&lt;\/script&gt;\n&lt;script&gt;\n  window.dataLayer = window.dataLayer || [];\n  function gtag(){dataLayer.push(arguments);}\n  gtag('js', new Date());\n\n  gtag('config', 'G-NQHTTC6MQB');\n&lt;\/script&gt;"},"schema":{"@context":"https:\/\/schema.org","@graph":[{"@type":"Article","@id":"https:\/\/www.enka.com\/tr\/ekstrem-yelken-yarismasinin-7-ayagi-istanbulda-duzenlendi\/#article","name":"Ekstrem Yelken Yar\u0131\u015fmas\u0131n\u0131n 7. aya\u011f\u0131 \u0130stanbul | ENKA \u0130n\u015faat ve Sanayi A.\u015e.","headline":"Ekstrem Yelken Yar\u0131\u015fmas\u0131n\u0131n 7. aya\u011f\u0131 \u0130stanbul\u2019da d\u00fczenlendi","author":{"@id":"https:\/\/www.enka.com\/tr\/author\/emin-yilmaz_245368_-2-2-2-2-2-2-2-2-2-2-2-2\/#author"},"publisher":{"@id":"https:\/\/www.enka.com\/tr\/#organization"},"image":{"@type":"ImageObject","url":"https:\/\/www.enka.com\/wp-content\/uploads\/2015\/10\/Extreme-Sailing.jpg","width":1000,"height":618},"datePublished":"2015-10-03T11:16:21+03:00","dateModified":"2020-06-26T10:09:34+03:00","inLanguage":"tr-TR","mainEntityOfPage":{"@id":"https:\/\/www.enka.com\/tr\/ekstrem-yelken-yarismasinin-7-ayagi-istanbulda-duzenlendi\/#webpage"},"isPartOf":{"@id":"https:\/\/www.enka.com\/tr\/ekstrem-yelken-yarismasinin-7-ayagi-istanbulda-duzenlendi\/#webpage"},"articleSection":"Spor, G\u00f6rsel, Optional"},{"@type":"BreadcrumbList","@id":"https:\/\/www.enka.com\/tr\/ekstrem-yelken-yarismasinin-7-ayagi-istanbulda-duzenlendi\/#breadcrumblist","itemListElement":[{"@type":"ListItem","@id":"https:\/\/www.enka.com\/tr\/#listItem","position":1,"name":"Home","item":"https:\/\/www.enka.com\/tr\/","nextItem":{"@type":"ListItem","@id":"https:\/\/www.enka.com\/tr\/category\/enka-spor\/#listItem","name":"Spor"}},{"@type":"ListItem","@id":"https:\/\/www.enka.com\/tr\/category\/enka-spor\/#listItem","position":2,"name":"Spor","item":"https:\/\/www.enka.com\/tr\/category\/enka-spor\/","nextItem":{"@type":"ListItem","@id":"https:\/\/www.enka.com\/tr\/ekstrem-yelken-yarismasinin-7-ayagi-istanbulda-duzenlendi\/#listItem","name":"Ekstrem Yelken Yar\u0131\u015fmas\u0131n\u0131n 7. aya\u011f\u0131 \u0130stanbul\u2019da d\u00fczenlendi"},"previousItem":{"@type":"ListItem","@id":"https:\/\/www.enka.com\/tr\/#listItem","name":"Home"}},{"@type":"ListItem","@id":"https:\/\/www.enka.com\/tr\/ekstrem-yelken-yarismasinin-7-ayagi-istanbulda-duzenlendi\/#listItem","position":3,"name":"Ekstrem Yelken Yar\u0131\u015fmas\u0131n\u0131n 7. aya\u011f\u0131 \u0130stanbul\u2019da d\u00fczenlendi","previousItem":{"@type":"ListItem","@id":"https:\/\/www.enka.com\/tr\/category\/enka-spor\/#listItem","name":"Spor"}}]},{"@type":"Organization","@id":"https:\/\/www.enka.com\/tr\/#organization","name":"ENKA \u0130n\u015faat ve Sanayi A.\u015e.","description":"ENKA, T\u00fcrkiye\u2019nin en b\u00fcy\u00fck in\u015faat \u015firketi olmakla beraber, 1982 y\u0131l\u0131ndan bu yana ENR En \u0130yi Uluslararas\u0131 M\u00fcteahhitler aras\u0131nda yer almaktad\u0131r.","url":"https:\/\/www.enka.com\/tr\/","telephone":"+902123761000","logo":{"@type":"ImageObject","url":"https:\/\/www.enka.com\/wp-content\/uploads\/2015\/07\/enka-icon-112x112-1.png","@id":"https:\/\/www.enka.com\/tr\/ekstrem-yelken-yarismasinin-7-ayagi-istanbulda-duzenlendi\/#organizationLogo","width":112,"height":112},"image":{"@id":"https:\/\/www.enka.com\/tr\/ekstrem-yelken-yarismasinin-7-ayagi-istanbulda-duzenlendi\/#organizationLogo"},"sameAs":["https:\/\/www.instagram.com\/enka_insaat_official\/","https:\/\/www.youtube.com\/channel\/UCtdqyCnE1uZiCkl3Luedj6Q","https:\/\/www.linkedin.com\/company\/enka"]},{"@type":"Person","@id":"https:\/\/www.enka.com\/tr\/author\/emin-yilmaz_245368_-2-2-2-2-2-2-2-2-2-2-2-2\/#author","url":"https:\/\/www.enka.com\/tr\/author\/emin-yilmaz_245368_-2-2-2-2-2-2-2-2-2-2-2-2\/","name":"Emin Y\u0131lmaz","image":{"@type":"ImageObject","@id":"https:\/\/www.enka.com\/tr\/ekstrem-yelken-yarismasinin-7-ayagi-istanbulda-duzenlendi\/#authorImage","url":"https:\/\/www.enka.com\/wp-content\/litespeed\/avatar\/53f5212c4af111fe0e96fd62ef85a638.jpg?ver=1787909630","width":96,"height":96,"caption":"Emin Y\u0131lmaz"}},{"@type":"WebPage","@id":"https:\/\/www.enka.com\/tr\/ekstrem-yelken-yarismasinin-7-ayagi-istanbulda-duzenlendi\/#webpage","url":"https:\/\/www.enka.com\/tr\/ekstrem-yelken-yarismasinin-7-ayagi-istanbulda-duzenlendi\/","name":"Ekstrem Yelken Yar\u0131\u015fmas\u0131n\u0131n 7. aya\u011f\u0131 \u0130stanbul | ENKA \u0130n\u015faat ve Sanayi A.\u015e.","description":"ENKA, \u0130stanbul\u2019da d\u00fczenlenen Ekstrem Yelken Yar\u0131\u015fmas\u0131n\u0131n 7. Aya\u011f\u0131nda T\u00fcrk Ekstrem Yelken Ekibi TEAM TURX\u2019\u00fc destekliyor.","inLanguage":"tr-TR","isPartOf":{"@id":"https:\/\/www.enka.com\/tr\/#website"},"breadcrumb":{"@id":"https:\/\/www.enka.com\/tr\/ekstrem-yelken-yarismasinin-7-ayagi-istanbulda-duzenlendi\/#breadcrumblist"},"author":{"@id":"https:\/\/www.enka.com\/tr\/author\/emin-yilmaz_245368_-2-2-2-2-2-2-2-2-2-2-2-2\/#author"},"creator":{"@id":"https:\/\/www.enka.com\/tr\/author\/emin-yilmaz_245368_-2-2-2-2-2-2-2-2-2-2-2-2\/#author"},"image":{"@type":"ImageObject","url":"https:\/\/www.enka.com\/wp-content\/uploads\/2015\/10\/Extreme-Sailing.jpg","@id":"https:\/\/www.enka.com\/tr\/ekstrem-yelken-yarismasinin-7-ayagi-istanbulda-duzenlendi\/#mainImage","width":1000,"height":618},"primaryImageOfPage":{"@id":"https:\/\/www.enka.com\/tr\/ekstrem-yelken-yarismasinin-7-ayagi-istanbulda-duzenlendi\/#mainImage"},"datePublished":"2015-10-03T11:16:21+03:00","dateModified":"2020-06-26T10:09:34+03:00"},{"@type":"WebSite","@id":"https:\/\/www.enka.com\/tr\/#website","url":"https:\/\/www.enka.com\/tr\/","name":"ENKA \u0130n\u015faat ve Sanayi A.\u015e.","description":"ENKA, T\u00fcrkiye\u2019nin en b\u00fcy\u00fck in\u015faat \u015firketi olmakla beraber, 1982 y\u0131l\u0131ndan bu yana ENR En \u0130yi Uluslararas\u0131 M\u00fcteahhitler aras\u0131nda yer almaktad\u0131r.","inLanguage":"tr-TR","publisher":{"@id":"https:\/\/www.enka.com\/tr\/#organization"}}]},"og:locale":"tr_TR","og:site_name":"ENKA \u0130n\u015faat ve Sanayi A.\u015e.","og:type":"article","og:title":"Ekstrem Yelken Yar\u0131\u015fmas\u0131n\u0131n 7. aya\u011f\u0131 \u0130stanbul | ENKA \u0130n\u015faat ve Sanayi A.\u015e.","og:description":"ENKA, \u0130stanbul\u2019da d\u00fczenlenen Ekstrem Yelken Yar\u0131\u015fmas\u0131n\u0131n 7. Aya\u011f\u0131nda T\u00fcrk Ekstrem Yelken Ekibi TEAM TURX\u2019\u00fc destekliyor.","og:url":"https:\/\/www.enka.com\/tr\/ekstrem-yelken-yarismasinin-7-ayagi-istanbulda-duzenlendi\/","fb:admins":"334532790084532","og:image":"https:\/\/www.enka.com\/wp-content\/uploads\/2015\/10\/Extreme-Sailing.jpg","og:image:secure_url":"https:\/\/www.enka.com\/wp-content\/uploads\/2015\/10\/Extreme-Sailing.jpg","og:image:width":1000,"og:image:height":618,"article:published_time":"2015-10-03T09:16:21+00:00","article:modified_time":"2020-06-26T07:09:34+00:00","article:publisher":"https:\/\/www.facebook.com\/enkaconstruction\/","twitter:card":"summary_large_image","twitter:site":"@ENKA_Cons","twitter:title":"Ekstrem Yelken Yar\u0131\u015fmas\u0131n\u0131n 7. aya\u011f\u0131 \u0130stanbul | ENKA \u0130n\u015faat ve Sanayi A.\u015e.","twitter:description":"ENKA, \u0130stanbul\u2019da d\u00fczenlenen Ekstrem Yelken Yar\u0131\u015fmas\u0131n\u0131n 7. Aya\u011f\u0131nda T\u00fcrk Ekstrem Yelken Ekibi TEAM TURX\u2019\u00fc destekliyor.","twitter:image":"https:\/\/www.enka.com\/wp-content\/uploads\/2015\/10\/Extreme-Sailing.jpg"},"aioseo_meta_data":{"post_id":"25910","title":"Ekstrem Yelken Yar\u0131\u015fmas\u0131n\u0131n 7. aya\u011f\u0131 \u0130stanbul | #site_title","description":"ENKA, \u0130stanbul\u2019da d\u00fczenlenen Ekstrem Yelken Yar\u0131\u015fmas\u0131n\u0131n 7. Aya\u011f\u0131nda T\u00fcrk Ekstrem Yelken Ekibi TEAM TURX\u2019\u00fc destekliyor.","keywords":null,"keyphrases":null,"primary_term":null,"canonical_url":null,"og_title":"","og_description":"","og_object_type":"article","og_image_type":"custom_image","og_image_url":null,"og_image_width":null,"og_image_height":null,"og_image_custom_url":"https:\/\/www.enka.com\/wp-content\/uploads\/2015\/10\/Extreme-Sailing.jpg","og_image_custom_fields":null,"og_video":"","og_custom_url":null,"og_article_section":"","og_article_tags":"","twitter_use_og":false,"twitter_card":"summary_large_image","twitter_image_type":"default","twitter_image_url":null,"twitter_image_custom_url":null,"twitter_image_custom_fields":null,"twitter_title":null,"twitter_description":null,"schema":{"blockGraphs":[],"customGraphs":[],"default":{"data":{"Article":[],"Course":[],"Dataset":[],"FAQPage":[],"Movie":[],"Person":[],"Product":[],"ProductReview":[],"Car":[],"Recipe":[],"Service":[],"SoftwareApplication":[],"WebPage":[]},"graphName":"Article","isEnabled":true},"graphs":[]},"schema_type":null,"schema_type_options":null,"pillar_content":false,"robots_default":true,"robots_noindex":false,"robots_noarchive":false,"robots_nosnippet":false,"robots_nofollow":false,"robots_noimageindex":false,"robots_noodp":false,"robots_notranslate":false,"robots_max_snippet":null,"robots_max_videopreview":null,"robots_max_imagepreview":"large","priority":null,"frequency":null,"local_seo":null,"breadcrumb_settings":null,"limit_modified_date":false,"open_ai":null,"created":"2021-02-02 09:03:31","updated":"2025-06-08 12:57:45","ai":null,"seo_analyzer_scan_date":null,"focus_keyword":null,"additional_keywords":null,"truseo_locale":null},"acf":[],"_links":{"self":[{"href":"https:\/\/www.enka.com\/tr\/wp-json\/wp\/v2\/posts\/25910","targetHints":{"allow":["GET"]}}],"collection":[{"href":"https:\/\/www.enka.com\/tr\/wp-json\/wp\/v2\/posts"}],"about":[{"href":"https:\/\/www.enka.com\/tr\/wp-json\/wp\/v2\/types\/post"}],"author":[{"embeddable":true,"href":"https:\/\/www.enka.com\/tr\/wp-json\/wp\/v2\/users\/25"}],"replies":[{"embeddable":true,"href":"https:\/\/www.enka.com\/tr\/wp-json\/wp\/v2\/comments?post=25910"}],"version-history":[{"count":0,"href":"https:\/\/www.enka.com\/tr\/wp-json\/wp\/v2\/posts\/25910\/revisions"}],"wp:featuredmedia":[{"embeddable":true,"href":"https:\/\/www.enka.com\/tr\/wp-json\/wp\/v2\/media\/19911"}],"wp:attachment":[{"href":"https:\/\/www.enka.com\/tr\/wp-json\/wp\/v2\/media?parent=25910"}],"wp:term":[{"taxonomy":"category","embeddable":true,"href":"https:\/\/www.enka.com\/tr\/wp-json\/wp\/v2\/categories?post=25910"},{"taxonomy":"post_tag","embeddable":true,"href":"https:\/\/www.enka.com\/tr\/wp-json\/wp\/v2\/tags?post=25910"}],"curies":[{"name":"wp","href":"https:\/\/api.w.org\/{rel}","templated":true}]}}