{"id":25912,"date":"2015-06-30T02:11:58","date_gmt":"2015-06-30T00:11:58","guid":{"rendered":"http:\/\/172.30.28.12\/en\/tr\/fazil-say-and-serenad-bagcan-concert\/"},"modified":"2020-06-25T15:35:35","modified_gmt":"2020-06-25T12:35:35","slug":"fazil-say-ve-serenad-bagcan-konseri","status":"publish","type":"post","link":"https:\/\/www.enka.com\/tr\/fazil-say-ve-serenad-bagcan-konseri\/","title":{"rendered":"Faz\u0131l Say ve Serenad Ba\u011fcan Konseri"},"content":{"rendered":"<div class=\"clearfix\" style=\"height: 20px\"><\/div>\n<p style=\"text-align: justify;\">ENKA K\u00fclt\u00fcr ve Sanat Bulu\u015fmalar\u0131n\u0131n 27. Y\u0131ld\u00f6n\u00fcm\u00fc \u00e7er\u00e7evesinde 02 Temmuz\u2019da ger\u00e7ekle\u015fecek olan Faz\u0131l Say ve Serenad Ba\u011fcan konserlerinin biletleri k\u0131sa s\u00fcre i\u00e7inde t\u00fckendi. Say\u2019\u0131n \u201cYeni \u015eark\u0131lar\u201d alb\u00fcm\u00fcn\u00fcn galas\u0131 niteli\u011findeki bu konser, vivlive.com \u00fczerinden t\u00fcm d\u00fcnyadan canl\u0131 olarak izlenebilecek.<\/p>\n","protected":false},"excerpt":{"rendered":"<p>ENKA K\u00fclt\u00fcr ve Sanat Bulu\u015fmalar\u0131n\u0131n 27. Y\u0131ld\u00f6n\u00fcm\u00fc \u00e7er\u00e7evesinde 02 Temmuz\u2019da ger\u00e7ekle\u015fecek olan Faz\u0131l Say ve Serenad Ba\u011fcan konserlerinin biletleri k\u0131sa s\u00fcre i\u00e7inde t\u00fckendi. Say\u2019\u0131n \u201cYeni \u015eark\u0131lar\u201d alb\u00fcm\u00fcn\u00fcn galas\u0131 niteli\u011findeki bu konser, vivlive.com \u00fczerinden t\u00fcm d\u00fcnyadan canl\u0131 olarak izlenebilecek.<\/p>\n","protected":false},"author":25,"featured_media":19930,"comment_status":"closed","ping_status":"closed","sticky":false,"template":"","format":"image","meta":{"_acf_changed":false,"footnotes":""},"categories":[612],"tags":[],"class_list":["post-25912","post","type-post","status-publish","format-image","has-post-thumbnail","hentry","category-kultur-ve-sanat","post_format-post-format-image"],"aioseo_notices":[],"acf":[],"_links":{"self":[{"href":"https:\/\/www.enka.com\/tr\/wp-json\/wp\/v2\/posts\/25912","targetHints":{"allow":["GET"]}}],"collection":[{"href":"https:\/\/www.enka.com\/tr\/wp-json\/wp\/v2\/posts"}],"about":[{"href":"https:\/\/www.enka.com\/tr\/wp-json\/wp\/v2\/types\/post"}],"author":[{"embeddable":true,"href":"https:\/\/www.enka.com\/tr\/wp-json\/wp\/v2\/users\/25"}],"replies":[{"embeddable":true,"href":"https:\/\/www.enka.com\/tr\/wp-json\/wp\/v2\/comments?post=25912"}],"version-history":[{"count":0,"href":"https:\/\/www.enka.com\/tr\/wp-json\/wp\/v2\/posts\/25912\/revisions"}],"wp:featuredmedia":[{"embeddable":true,"href":"https:\/\/www.enka.com\/tr\/wp-json\/wp\/v2\/media\/19930"}],"wp:attachment":[{"href":"https:\/\/www.enka.com\/tr\/wp-json\/wp\/v2\/media?parent=25912"}],"wp:term":[{"taxonomy":"category","embeddable":true,"href":"https:\/\/www.enka.com\/tr\/wp-json\/wp\/v2\/categories?post=25912"},{"taxonomy":"post_tag","embeddable":true,"href":"https:\/\/www.enka.com\/tr\/wp-json\/wp\/v2\/tags?post=25912"}],"curies":[{"name":"wp","href":"https:\/\/api.w.org\/{rel}","templated":true}]}}