{"id":44893,"date":"2016-12-08T15:03:42","date_gmt":"2016-12-08T13:03:42","guid":{"rendered":"http:\/\/www.enka.com\/tr\/?p=44893"},"modified":"2022-09-21T09:24:18","modified_gmt":"2022-09-21T06:24:18","slug":"enka-yelken-takimi-64-yil-altin-kilit-kupasini-kazandi","status":"publish","type":"post","link":"https:\/\/www.enka.com\/tr\/enka-yelken-takimi-64-yil-altin-kilit-kupasini-kazandi\/","title":{"rendered":"ENKA Yelken Tak\u0131m\u0131 64.Y\u0131l Alt\u0131n Kilit Kupas\u0131n\u0131 Kazand\u0131."},"content":{"rendered":"<p>\u0130stanbul Yelken Kul\u00fcb\u00fc 2016 Yat Trofesi\u2019nin son yar\u0131\u015f\u0131 olan 64. Y\u0131l Alt\u0131n Kilit Kupas\u0131, 04 Aral\u0131k Pazar g\u00fcn\u00fc, 32 teknelik kat\u0131l\u0131m ile ger\u00e7ekle\u015fti. Fenerbah\u00e7e-Caddebostan parkurunda planlanan iki \u015famand\u0131ra yar\u0131\u015f\u0131nda IRC 0-1 ve 2 gruplar\u0131 i\u00e7in saat 15.20\u2019de start verildi. \u00dc\u00e7 turluk Offsetli \u015famand\u0131ra rotas\u0131nda (9.5 deniz mili) fini\u015f hatt\u0131na ilk ula\u015fan tekne 16.45.14&#8217;l\u00fck zamanla ENKA Cheese&#8217;i oldu.<\/p>\n","protected":false},"excerpt":{"rendered":"<p>\u0130stanbul Yelken Kul\u00fcb\u00fc 2016 Yat Trofesi\u2019nin son yar\u0131\u015f\u0131 olan 64. Y\u0131l Alt\u0131n Kilit Kupas\u0131, 04 Aral\u0131k Pazar g\u00fcn\u00fc, 32 teknelik kat\u0131l\u0131m ile ger\u00e7ekle\u015fti. Fenerbah\u00e7e-Caddebostan parkurunda planlanan iki \u015famand\u0131ra yar\u0131\u015f\u0131nda IRC 0-1 ve 2 gruplar\u0131 i\u00e7in saat 15.20\u2019de start verildi. \u00dc\u00e7 turluk Offsetli \u015famand\u0131ra rotas\u0131nda (9.5 deniz mili) fini\u015f hatt\u0131na ilk ula\u015fan tekne 16.45.14&#8217;l\u00fck zamanla ENKA <a class=\"more-link\" href=\"https:\/\/www.enka.com\/tr\/enka-yelken-takimi-64-yil-altin-kilit-kupasini-kazandi\/\">Continue reading <i class=\"fa fa-chevron-right\"><\/i><\/a><\/p>\n","protected":false},"author":25,"featured_media":44891,"comment_status":"closed","ping_status":"closed","sticky":false,"template":"","format":"standard","meta":{"_acf_changed":false,"footnotes":""},"categories":[630],"tags":[],"class_list":["post-44893","post","type-post","status-publish","format-standard","has-post-thumbnail","hentry","category-enka-spor"],"aioseo_notices":[],"aioseo_head":"\n\t\t<!-- All in One SEO 5.0.1.1 - aioseo.com -->\n\t<meta name=\"description\" content=\"Istanbul Yelken Kul\u00fcb\u00fc 2016 Yat Trofesi\u2019nin son yar\u0131\u015f\u0131 olan 64. Y\u0131l Alt\u0131n Kilit Kupas\u0131, 04 Aral\u0131k Pazar g\u00fcn\u00fc, 32 teknelik kat\u0131l\u0131m ile ger\u00e7ekle\u015fti. Fenerbah\u00e7e-Caddebostan parkurunda planlanan iki \u015famand\u0131ra yar\u0131\u015f\u0131nda IRC 0-1 ve 2 gruplar\u0131 i\u00e7in saat 15.20\u2019de start verildi.\" \/>\n\t<meta name=\"robots\" content=\"max-image-preview:large\" \/>\n\t<meta name=\"author\" content=\"Emin Y\u0131lmaz\"\/>\n\t<meta name=\"google-site-verification\" content=\"UQ-k7hcOVZluZene7_iGgI7iewEm4fFqYkW4KY9-n28\" \/>\n\t<meta name=\"p:domain_verify\" content=\"61890147e937e076e1c5dfdd6aeed81a\" \/>\n\t<meta name=\"yandex-verification\" content=\"5d2561526cb84137\" \/>\n\t<link rel=\"canonical\" href=\"https:\/\/www.enka.com\/tr\/enka-yelken-takimi-64-yil-altin-kilit-kupasini-kazandi\/\" \/>\n\t<meta name=\"generator\" content=\"All in One SEO (AIOSEO) 5.0.1.1\" \/>\n\n\t\t<!-- Google tag (gtag.js) -->\n<script async src=\"https:\/\/www.googletagmanager.com\/gtag\/js?id=G-NQHTTC6MQB\"><\/script>\n<script>\n  window.dataLayer = window.dataLayer || [];\n  function gtag(){dataLayer.push(arguments);}\n  gtag('js', new Date());\n\n  gtag('config', 'G-NQHTTC6MQB');\n<\/script>\n\t\t<meta property=\"og:locale\" content=\"tr_TR\" \/>\n\t\t<meta property=\"og:site_name\" content=\"ENKA \u0130n\u015faat ve Sanayi A.\u015e.\" \/>\n\t\t<meta property=\"og:type\" content=\"article\" \/>\n\t\t<meta property=\"og:title\" content=\"ENKA Yelken Tak\u0131m\u0131 | ENKA \u0130n\u015faat ve Sanayi A.\u015e.\" \/>\n\t\t<meta property=\"og:description\" content=\"Istanbul Yelken Kul\u00fcb\u00fc 2016 Yat Trofesi\u2019nin son yar\u0131\u015f\u0131 olan 64. Y\u0131l Alt\u0131n Kilit Kupas\u0131, 04 Aral\u0131k Pazar g\u00fcn\u00fc, 32 teknelik kat\u0131l\u0131m ile ger\u00e7ekle\u015fti. Fenerbah\u00e7e-Caddebostan parkurunda planlanan iki \u015famand\u0131ra yar\u0131\u015f\u0131nda IRC 0-1 ve 2 gruplar\u0131 i\u00e7in saat 15.20\u2019de start verildi.\" \/>\n\t\t<meta property=\"og:url\" content=\"https:\/\/www.enka.com\/tr\/enka-yelken-takimi-64-yil-altin-kilit-kupasini-kazandi\/\" \/>\n\t\t<meta property=\"fb:admins\" content=\"334532790084532\" \/>\n\t\t<meta property=\"og:image\" content=\"https:\/\/www.enka.com\/wp-content\/uploads\/2016\/12\/Farr-40-.jpg\" \/>\n\t\t<meta property=\"og:image:secure_url\" content=\"https:\/\/www.enka.com\/wp-content\/uploads\/2016\/12\/Farr-40-.jpg\" \/>\n\t\t<meta property=\"og:image:width\" content=\"2048\" \/>\n\t\t<meta property=\"og:image:height\" content=\"1408\" \/>\n\t\t<meta property=\"article:published_time\" content=\"2016-12-08T13:03:42+00:00\" \/>\n\t\t<meta property=\"article:modified_time\" content=\"2022-09-21T06:24:18+00:00\" \/>\n\t\t<meta property=\"article:publisher\" content=\"https:\/\/www.facebook.com\/enkaconstruction\/\" \/>\n\t\t<meta name=\"twitter:card\" content=\"summary_large_image\" \/>\n\t\t<meta name=\"twitter:site\" content=\"@ENKA_Cons\" \/>\n\t\t<meta name=\"twitter:title\" content=\"ENKA Yelken Tak\u0131m\u0131 | ENKA \u0130n\u015faat ve Sanayi A.\u015e.\" \/>\n\t\t<meta name=\"twitter:description\" content=\"Istanbul Yelken Kul\u00fcb\u00fc 2016 Yat Trofesi\u2019nin son yar\u0131\u015f\u0131 olan 64. Y\u0131l Alt\u0131n Kilit Kupas\u0131, 04 Aral\u0131k Pazar g\u00fcn\u00fc, 32 teknelik kat\u0131l\u0131m ile ger\u00e7ekle\u015fti. Fenerbah\u00e7e-Caddebostan parkurunda planlanan iki \u015famand\u0131ra yar\u0131\u015f\u0131nda IRC 0-1 ve 2 gruplar\u0131 i\u00e7in saat 15.20\u2019de start verildi.\" \/>\n\t\t<meta name=\"twitter:image\" content=\"https:\/\/www.enka.com\/wp-content\/uploads\/2016\/12\/Farr-40-.jpg\" \/>\n\t\t<script type=\"application\/ld+json\" class=\"aioseo-schema\">\n\t\t\t{\"@context\":\"https:\\\/\\\/schema.org\",\"@graph\":[{\"@type\":\"Article\",\"@id\":\"https:\\\/\\\/www.enka.com\\\/tr\\\/enka-yelken-takimi-64-yil-altin-kilit-kupasini-kazandi\\\/#article\",\"name\":\"ENKA Yelken Tak\\u0131m\\u0131 | ENKA \\u0130n\\u015faat ve Sanayi A.\\u015e.\",\"headline\":\"ENKA Yelken Tak\\u0131m\\u0131 64.Y\\u0131l Alt\\u0131n Kilit Kupas\\u0131n\\u0131 Kazand\\u0131.\",\"author\":{\"@id\":\"https:\\\/\\\/www.enka.com\\\/tr\\\/author\\\/emin-yilmaz_245368_-2-2-2-2-2-2-2-2-2-2-2-2\\\/#author\"},\"publisher\":{\"@id\":\"https:\\\/\\\/www.enka.com\\\/tr\\\/#organization\"},\"image\":{\"@type\":\"ImageObject\",\"url\":\"https:\\\/\\\/www.enka.com\\\/wp-content\\\/uploads\\\/2016\\\/12\\\/Farr-40-.jpg\",\"width\":2048,\"height\":1408},\"datePublished\":\"2016-12-08T15:03:42+03:00\",\"dateModified\":\"2022-09-21T09:24:18+03:00\",\"inLanguage\":\"tr-TR\",\"mainEntityOfPage\":{\"@id\":\"https:\\\/\\\/www.enka.com\\\/tr\\\/enka-yelken-takimi-64-yil-altin-kilit-kupasini-kazandi\\\/#webpage\"},\"isPartOf\":{\"@id\":\"https:\\\/\\\/www.enka.com\\\/tr\\\/enka-yelken-takimi-64-yil-altin-kilit-kupasini-kazandi\\\/#webpage\"},\"articleSection\":\"Spor, Optional\"},{\"@type\":\"BreadcrumbList\",\"@id\":\"https:\\\/\\\/www.enka.com\\\/tr\\\/enka-yelken-takimi-64-yil-altin-kilit-kupasini-kazandi\\\/#breadcrumblist\",\"itemListElement\":[{\"@type\":\"ListItem\",\"@id\":\"https:\\\/\\\/www.enka.com\\\/tr\\\/#listItem\",\"position\":1,\"name\":\"Home\",\"item\":\"https:\\\/\\\/www.enka.com\\\/tr\\\/\",\"nextItem\":{\"@type\":\"ListItem\",\"@id\":\"https:\\\/\\\/www.enka.com\\\/tr\\\/category\\\/enka-spor\\\/#listItem\",\"name\":\"Spor\"}},{\"@type\":\"ListItem\",\"@id\":\"https:\\\/\\\/www.enka.com\\\/tr\\\/category\\\/enka-spor\\\/#listItem\",\"position\":2,\"name\":\"Spor\",\"item\":\"https:\\\/\\\/www.enka.com\\\/tr\\\/category\\\/enka-spor\\\/\",\"nextItem\":{\"@type\":\"ListItem\",\"@id\":\"https:\\\/\\\/www.enka.com\\\/tr\\\/enka-yelken-takimi-64-yil-altin-kilit-kupasini-kazandi\\\/#listItem\",\"name\":\"ENKA Yelken Tak\\u0131m\\u0131 64.Y\\u0131l Alt\\u0131n Kilit Kupas\\u0131n\\u0131 Kazand\\u0131.\"},\"previousItem\":{\"@type\":\"ListItem\",\"@id\":\"https:\\\/\\\/www.enka.com\\\/tr\\\/#listItem\",\"name\":\"Home\"}},{\"@type\":\"ListItem\",\"@id\":\"https:\\\/\\\/www.enka.com\\\/tr\\\/enka-yelken-takimi-64-yil-altin-kilit-kupasini-kazandi\\\/#listItem\",\"position\":3,\"name\":\"ENKA Yelken Tak\\u0131m\\u0131 64.Y\\u0131l Alt\\u0131n Kilit Kupas\\u0131n\\u0131 Kazand\\u0131.\",\"previousItem\":{\"@type\":\"ListItem\",\"@id\":\"https:\\\/\\\/www.enka.com\\\/tr\\\/category\\\/enka-spor\\\/#listItem\",\"name\":\"Spor\"}}]},{\"@type\":\"Organization\",\"@id\":\"https:\\\/\\\/www.enka.com\\\/tr\\\/#organization\",\"name\":\"ENKA \\u0130n\\u015faat ve Sanayi A.\\u015e.\",\"description\":\"ENKA, T\\u00fcrkiye\\u2019nin en b\\u00fcy\\u00fck in\\u015faat \\u015firketi olmakla beraber, 1982 y\\u0131l\\u0131ndan bu yana ENR En \\u0130yi Uluslararas\\u0131 M\\u00fcteahhitler aras\\u0131nda yer almaktad\\u0131r.\",\"url\":\"https:\\\/\\\/www.enka.com\\\/tr\\\/\",\"telephone\":\"+902123761000\",\"logo\":{\"@type\":\"ImageObject\",\"url\":\"https:\\\/\\\/www.enka.com\\\/wp-content\\\/uploads\\\/2015\\\/07\\\/enka-icon-112x112-1.png\",\"@id\":\"https:\\\/\\\/www.enka.com\\\/tr\\\/enka-yelken-takimi-64-yil-altin-kilit-kupasini-kazandi\\\/#organizationLogo\",\"width\":112,\"height\":112},\"image\":{\"@id\":\"https:\\\/\\\/www.enka.com\\\/tr\\\/enka-yelken-takimi-64-yil-altin-kilit-kupasini-kazandi\\\/#organizationLogo\"},\"sameAs\":[\"https:\\\/\\\/www.instagram.com\\\/enka_insaat_official\\\/\",\"https:\\\/\\\/www.youtube.com\\\/channel\\\/UCtdqyCnE1uZiCkl3Luedj6Q\",\"https:\\\/\\\/www.linkedin.com\\\/company\\\/enka\"]},{\"@type\":\"Person\",\"@id\":\"https:\\\/\\\/www.enka.com\\\/tr\\\/author\\\/emin-yilmaz_245368_-2-2-2-2-2-2-2-2-2-2-2-2\\\/#author\",\"url\":\"https:\\\/\\\/www.enka.com\\\/tr\\\/author\\\/emin-yilmaz_245368_-2-2-2-2-2-2-2-2-2-2-2-2\\\/\",\"name\":\"Emin Y\\u0131lmaz\",\"image\":{\"@type\":\"ImageObject\",\"@id\":\"https:\\\/\\\/www.enka.com\\\/tr\\\/enka-yelken-takimi-64-yil-altin-kilit-kupasini-kazandi\\\/#authorImage\",\"url\":\"https:\\\/\\\/www.enka.com\\\/wp-content\\\/litespeed\\\/avatar\\\/53f5212c4af111fe0e96fd62ef85a638.jpg?ver=1787909630\",\"width\":96,\"height\":96,\"caption\":\"Emin Y\\u0131lmaz\"}},{\"@type\":\"WebPage\",\"@id\":\"https:\\\/\\\/www.enka.com\\\/tr\\\/enka-yelken-takimi-64-yil-altin-kilit-kupasini-kazandi\\\/#webpage\",\"url\":\"https:\\\/\\\/www.enka.com\\\/tr\\\/enka-yelken-takimi-64-yil-altin-kilit-kupasini-kazandi\\\/\",\"name\":\"ENKA Yelken Tak\\u0131m\\u0131 | ENKA \\u0130n\\u015faat ve Sanayi A.\\u015e.\",\"description\":\"Istanbul Yelken Kul\\u00fcb\\u00fc 2016 Yat Trofesi\\u2019nin son yar\\u0131\\u015f\\u0131 olan 64. Y\\u0131l Alt\\u0131n Kilit Kupas\\u0131, 04 Aral\\u0131k Pazar g\\u00fcn\\u00fc, 32 teknelik kat\\u0131l\\u0131m ile ger\\u00e7ekle\\u015fti. Fenerbah\\u00e7e-Caddebostan parkurunda planlanan iki \\u015famand\\u0131ra yar\\u0131\\u015f\\u0131nda IRC 0-1 ve 2 gruplar\\u0131 i\\u00e7in saat 15.20\\u2019de start verildi.\",\"inLanguage\":\"tr-TR\",\"isPartOf\":{\"@id\":\"https:\\\/\\\/www.enka.com\\\/tr\\\/#website\"},\"breadcrumb\":{\"@id\":\"https:\\\/\\\/www.enka.com\\\/tr\\\/enka-yelken-takimi-64-yil-altin-kilit-kupasini-kazandi\\\/#breadcrumblist\"},\"author\":{\"@id\":\"https:\\\/\\\/www.enka.com\\\/tr\\\/author\\\/emin-yilmaz_245368_-2-2-2-2-2-2-2-2-2-2-2-2\\\/#author\"},\"creator\":{\"@id\":\"https:\\\/\\\/www.enka.com\\\/tr\\\/author\\\/emin-yilmaz_245368_-2-2-2-2-2-2-2-2-2-2-2-2\\\/#author\"},\"image\":{\"@type\":\"ImageObject\",\"url\":\"https:\\\/\\\/www.enka.com\\\/wp-content\\\/uploads\\\/2016\\\/12\\\/Farr-40-.jpg\",\"@id\":\"https:\\\/\\\/www.enka.com\\\/tr\\\/enka-yelken-takimi-64-yil-altin-kilit-kupasini-kazandi\\\/#mainImage\",\"width\":2048,\"height\":1408},\"primaryImageOfPage\":{\"@id\":\"https:\\\/\\\/www.enka.com\\\/tr\\\/enka-yelken-takimi-64-yil-altin-kilit-kupasini-kazandi\\\/#mainImage\"},\"datePublished\":\"2016-12-08T15:03:42+03:00\",\"dateModified\":\"2022-09-21T09:24:18+03:00\"},{\"@type\":\"WebSite\",\"@id\":\"https:\\\/\\\/www.enka.com\\\/tr\\\/#website\",\"url\":\"https:\\\/\\\/www.enka.com\\\/tr\\\/\",\"name\":\"ENKA \\u0130n\\u015faat ve Sanayi A.\\u015e.\",\"description\":\"ENKA, T\\u00fcrkiye\\u2019nin en b\\u00fcy\\u00fck in\\u015faat \\u015firketi olmakla beraber, 1982 y\\u0131l\\u0131ndan bu yana ENR En \\u0130yi Uluslararas\\u0131 M\\u00fcteahhitler aras\\u0131nda yer almaktad\\u0131r.\",\"inLanguage\":\"tr-TR\",\"publisher\":{\"@id\":\"https:\\\/\\\/www.enka.com\\\/tr\\\/#organization\"}}]}\n\t\t<\/script>\n\t\t<!-- All in One SEO -->\n\n","aioseo_head_json":{"title":"ENKA Yelken Tak\u0131m\u0131 | ENKA \u0130n\u015faat ve Sanayi A.\u015e.","description":"Istanbul Yelken Kul\u00fcb\u00fc 2016 Yat Trofesi\u2019nin son yar\u0131\u015f\u0131 olan 64. Y\u0131l Alt\u0131n Kilit Kupas\u0131, 04 Aral\u0131k Pazar g\u00fcn\u00fc, 32 teknelik kat\u0131l\u0131m ile ger\u00e7ekle\u015fti. Fenerbah\u00e7e-Caddebostan parkurunda planlanan iki \u015famand\u0131ra yar\u0131\u015f\u0131nda IRC 0-1 ve 2 gruplar\u0131 i\u00e7in saat 15.20\u2019de start verildi.","canonical_url":"https:\/\/www.enka.com\/tr\/enka-yelken-takimi-64-yil-altin-kilit-kupasini-kazandi\/","robots":"max-image-preview:large","keywords":"","webmasterTools":{"google-site-verification":"UQ-k7hcOVZluZene7_iGgI7iewEm4fFqYkW4KY9-n28","p:domain_verify":"61890147e937e076e1c5dfdd6aeed81a","yandex-verification":"5d2561526cb84137","miscellaneous":"&lt;!-- Google tag (gtag.js) --&gt;\n&lt;script async src=\"https:\/\/www.googletagmanager.com\/gtag\/js?id=G-NQHTTC6MQB\"&gt;&lt;\/script&gt;\n&lt;script&gt;\n  window.dataLayer = window.dataLayer || [];\n  function gtag(){dataLayer.push(arguments);}\n  gtag('js', new Date());\n\n  gtag('config', 'G-NQHTTC6MQB');\n&lt;\/script&gt;"},"schema":{"@context":"https:\/\/schema.org","@graph":[{"@type":"Article","@id":"https:\/\/www.enka.com\/tr\/enka-yelken-takimi-64-yil-altin-kilit-kupasini-kazandi\/#article","name":"ENKA Yelken Tak\u0131m\u0131 | ENKA \u0130n\u015faat ve Sanayi A.\u015e.","headline":"ENKA Yelken Tak\u0131m\u0131 64.Y\u0131l Alt\u0131n Kilit Kupas\u0131n\u0131 Kazand\u0131.","author":{"@id":"https:\/\/www.enka.com\/tr\/author\/emin-yilmaz_245368_-2-2-2-2-2-2-2-2-2-2-2-2\/#author"},"publisher":{"@id":"https:\/\/www.enka.com\/tr\/#organization"},"image":{"@type":"ImageObject","url":"https:\/\/www.enka.com\/wp-content\/uploads\/2016\/12\/Farr-40-.jpg","width":2048,"height":1408},"datePublished":"2016-12-08T15:03:42+03:00","dateModified":"2022-09-21T09:24:18+03:00","inLanguage":"tr-TR","mainEntityOfPage":{"@id":"https:\/\/www.enka.com\/tr\/enka-yelken-takimi-64-yil-altin-kilit-kupasini-kazandi\/#webpage"},"isPartOf":{"@id":"https:\/\/www.enka.com\/tr\/enka-yelken-takimi-64-yil-altin-kilit-kupasini-kazandi\/#webpage"},"articleSection":"Spor, Optional"},{"@type":"BreadcrumbList","@id":"https:\/\/www.enka.com\/tr\/enka-yelken-takimi-64-yil-altin-kilit-kupasini-kazandi\/#breadcrumblist","itemListElement":[{"@type":"ListItem","@id":"https:\/\/www.enka.com\/tr\/#listItem","position":1,"name":"Home","item":"https:\/\/www.enka.com\/tr\/","nextItem":{"@type":"ListItem","@id":"https:\/\/www.enka.com\/tr\/category\/enka-spor\/#listItem","name":"Spor"}},{"@type":"ListItem","@id":"https:\/\/www.enka.com\/tr\/category\/enka-spor\/#listItem","position":2,"name":"Spor","item":"https:\/\/www.enka.com\/tr\/category\/enka-spor\/","nextItem":{"@type":"ListItem","@id":"https:\/\/www.enka.com\/tr\/enka-yelken-takimi-64-yil-altin-kilit-kupasini-kazandi\/#listItem","name":"ENKA Yelken Tak\u0131m\u0131 64.Y\u0131l Alt\u0131n Kilit Kupas\u0131n\u0131 Kazand\u0131."},"previousItem":{"@type":"ListItem","@id":"https:\/\/www.enka.com\/tr\/#listItem","name":"Home"}},{"@type":"ListItem","@id":"https:\/\/www.enka.com\/tr\/enka-yelken-takimi-64-yil-altin-kilit-kupasini-kazandi\/#listItem","position":3,"name":"ENKA Yelken Tak\u0131m\u0131 64.Y\u0131l Alt\u0131n Kilit Kupas\u0131n\u0131 Kazand\u0131.","previousItem":{"@type":"ListItem","@id":"https:\/\/www.enka.com\/tr\/category\/enka-spor\/#listItem","name":"Spor"}}]},{"@type":"Organization","@id":"https:\/\/www.enka.com\/tr\/#organization","name":"ENKA \u0130n\u015faat ve Sanayi A.\u015e.","description":"ENKA, T\u00fcrkiye\u2019nin en b\u00fcy\u00fck in\u015faat \u015firketi olmakla beraber, 1982 y\u0131l\u0131ndan bu yana ENR En \u0130yi Uluslararas\u0131 M\u00fcteahhitler aras\u0131nda yer almaktad\u0131r.","url":"https:\/\/www.enka.com\/tr\/","telephone":"+902123761000","logo":{"@type":"ImageObject","url":"https:\/\/www.enka.com\/wp-content\/uploads\/2015\/07\/enka-icon-112x112-1.png","@id":"https:\/\/www.enka.com\/tr\/enka-yelken-takimi-64-yil-altin-kilit-kupasini-kazandi\/#organizationLogo","width":112,"height":112},"image":{"@id":"https:\/\/www.enka.com\/tr\/enka-yelken-takimi-64-yil-altin-kilit-kupasini-kazandi\/#organizationLogo"},"sameAs":["https:\/\/www.instagram.com\/enka_insaat_official\/","https:\/\/www.youtube.com\/channel\/UCtdqyCnE1uZiCkl3Luedj6Q","https:\/\/www.linkedin.com\/company\/enka"]},{"@type":"Person","@id":"https:\/\/www.enka.com\/tr\/author\/emin-yilmaz_245368_-2-2-2-2-2-2-2-2-2-2-2-2\/#author","url":"https:\/\/www.enka.com\/tr\/author\/emin-yilmaz_245368_-2-2-2-2-2-2-2-2-2-2-2-2\/","name":"Emin Y\u0131lmaz","image":{"@type":"ImageObject","@id":"https:\/\/www.enka.com\/tr\/enka-yelken-takimi-64-yil-altin-kilit-kupasini-kazandi\/#authorImage","url":"https:\/\/www.enka.com\/wp-content\/litespeed\/avatar\/53f5212c4af111fe0e96fd62ef85a638.jpg?ver=1787909630","width":96,"height":96,"caption":"Emin Y\u0131lmaz"}},{"@type":"WebPage","@id":"https:\/\/www.enka.com\/tr\/enka-yelken-takimi-64-yil-altin-kilit-kupasini-kazandi\/#webpage","url":"https:\/\/www.enka.com\/tr\/enka-yelken-takimi-64-yil-altin-kilit-kupasini-kazandi\/","name":"ENKA Yelken Tak\u0131m\u0131 | ENKA \u0130n\u015faat ve Sanayi A.\u015e.","description":"Istanbul Yelken Kul\u00fcb\u00fc 2016 Yat Trofesi\u2019nin son yar\u0131\u015f\u0131 olan 64. Y\u0131l Alt\u0131n Kilit Kupas\u0131, 04 Aral\u0131k Pazar g\u00fcn\u00fc, 32 teknelik kat\u0131l\u0131m ile ger\u00e7ekle\u015fti. Fenerbah\u00e7e-Caddebostan parkurunda planlanan iki \u015famand\u0131ra yar\u0131\u015f\u0131nda IRC 0-1 ve 2 gruplar\u0131 i\u00e7in saat 15.20\u2019de start verildi.","inLanguage":"tr-TR","isPartOf":{"@id":"https:\/\/www.enka.com\/tr\/#website"},"breadcrumb":{"@id":"https:\/\/www.enka.com\/tr\/enka-yelken-takimi-64-yil-altin-kilit-kupasini-kazandi\/#breadcrumblist"},"author":{"@id":"https:\/\/www.enka.com\/tr\/author\/emin-yilmaz_245368_-2-2-2-2-2-2-2-2-2-2-2-2\/#author"},"creator":{"@id":"https:\/\/www.enka.com\/tr\/author\/emin-yilmaz_245368_-2-2-2-2-2-2-2-2-2-2-2-2\/#author"},"image":{"@type":"ImageObject","url":"https:\/\/www.enka.com\/wp-content\/uploads\/2016\/12\/Farr-40-.jpg","@id":"https:\/\/www.enka.com\/tr\/enka-yelken-takimi-64-yil-altin-kilit-kupasini-kazandi\/#mainImage","width":2048,"height":1408},"primaryImageOfPage":{"@id":"https:\/\/www.enka.com\/tr\/enka-yelken-takimi-64-yil-altin-kilit-kupasini-kazandi\/#mainImage"},"datePublished":"2016-12-08T15:03:42+03:00","dateModified":"2022-09-21T09:24:18+03:00"},{"@type":"WebSite","@id":"https:\/\/www.enka.com\/tr\/#website","url":"https:\/\/www.enka.com\/tr\/","name":"ENKA \u0130n\u015faat ve Sanayi A.\u015e.","description":"ENKA, T\u00fcrkiye\u2019nin en b\u00fcy\u00fck in\u015faat \u015firketi olmakla beraber, 1982 y\u0131l\u0131ndan bu yana ENR En \u0130yi Uluslararas\u0131 M\u00fcteahhitler aras\u0131nda yer almaktad\u0131r.","inLanguage":"tr-TR","publisher":{"@id":"https:\/\/www.enka.com\/tr\/#organization"}}]},"og:locale":"tr_TR","og:site_name":"ENKA \u0130n\u015faat ve Sanayi A.\u015e.","og:type":"article","og:title":"ENKA Yelken Tak\u0131m\u0131 | ENKA \u0130n\u015faat ve Sanayi A.\u015e.","og:description":"Istanbul Yelken Kul\u00fcb\u00fc 2016 Yat Trofesi\u2019nin son yar\u0131\u015f\u0131 olan 64. Y\u0131l Alt\u0131n Kilit Kupas\u0131, 04 Aral\u0131k Pazar g\u00fcn\u00fc, 32 teknelik kat\u0131l\u0131m ile ger\u00e7ekle\u015fti. Fenerbah\u00e7e-Caddebostan parkurunda planlanan iki \u015famand\u0131ra yar\u0131\u015f\u0131nda IRC 0-1 ve 2 gruplar\u0131 i\u00e7in saat 15.20\u2019de start verildi.","og:url":"https:\/\/www.enka.com\/tr\/enka-yelken-takimi-64-yil-altin-kilit-kupasini-kazandi\/","fb:admins":"334532790084532","og:image":"https:\/\/www.enka.com\/wp-content\/uploads\/2016\/12\/Farr-40-.jpg","og:image:secure_url":"https:\/\/www.enka.com\/wp-content\/uploads\/2016\/12\/Farr-40-.jpg","og:image:width":2048,"og:image:height":1408,"article:published_time":"2016-12-08T13:03:42+00:00","article:modified_time":"2022-09-21T06:24:18+00:00","article:publisher":"https:\/\/www.facebook.com\/enkaconstruction\/","twitter:card":"summary_large_image","twitter:site":"@ENKA_Cons","twitter:title":"ENKA Yelken Tak\u0131m\u0131 | ENKA \u0130n\u015faat ve Sanayi A.\u015e.","twitter:description":"Istanbul Yelken Kul\u00fcb\u00fc 2016 Yat Trofesi\u2019nin son yar\u0131\u015f\u0131 olan 64. Y\u0131l Alt\u0131n Kilit Kupas\u0131, 04 Aral\u0131k Pazar g\u00fcn\u00fc, 32 teknelik kat\u0131l\u0131m ile ger\u00e7ekle\u015fti. Fenerbah\u00e7e-Caddebostan parkurunda planlanan iki \u015famand\u0131ra yar\u0131\u015f\u0131nda IRC 0-1 ve 2 gruplar\u0131 i\u00e7in saat 15.20\u2019de start verildi.","twitter:image":"https:\/\/www.enka.com\/wp-content\/uploads\/2016\/12\/Farr-40-.jpg"},"aioseo_meta_data":{"post_id":"44893","title":"ENKA Yelken Tak\u0131m\u0131 | #site_title","description":"Istanbul Yelken Kul\u00fcb\u00fc 2016 Yat Trofesi\u2019nin son yar\u0131\u015f\u0131 olan 64. Y\u0131l Alt\u0131n Kilit Kupas\u0131, 04 Aral\u0131k Pazar g\u00fcn\u00fc, 32 teknelik kat\u0131l\u0131m ile ger\u00e7ekle\u015fti. Fenerbah\u00e7e-Caddebostan parkurunda planlanan iki \u015famand\u0131ra yar\u0131\u015f\u0131nda IRC 0-1 ve 2 gruplar\u0131 i\u00e7in saat 15.20\u2019de start verildi.","keywords":[],"keyphrases":{"focus":{"keyphrase":"","score":0,"analysis":{"keyphraseInTitle":{"score":0,"maxScore":9,"error":1}}},"additional":[]},"primary_term":null,"canonical_url":null,"og_title":null,"og_description":null,"og_object_type":"article","og_image_type":"custom_image","og_image_url":"https:\/\/www.enka.com\/wp-content\/uploads\/2016\/12\/Farr-40-.jpg","og_image_width":"2048","og_image_height":"1408","og_image_custom_url":"https:\/\/www.enka.com\/wp-content\/uploads\/2016\/12\/Farr-40--1024x704.jpg","og_image_custom_fields":null,"og_video":"","og_custom_url":null,"og_article_section":null,"og_article_tags":[],"twitter_use_og":false,"twitter_card":"summary_large_image","twitter_image_type":"default","twitter_image_url":null,"twitter_image_custom_url":null,"twitter_image_custom_fields":null,"twitter_title":null,"twitter_description":null,"schema":{"blockGraphs":[],"customGraphs":[],"default":{"data":{"Article":{"id":"aioseo-article-6388d8e4a531b","slug":"article","graphName":"Article","label":"Makale","properties":{"type":"BlogPosting","name":"#post_title","headline":"#post_title","description":"#post_excerpt","image":"","keywords":"","author":{"name":"#author_name","url":"#author_url"},"dates":{"include":true,"datePublished":"","dateModified":""}}},"Course":[],"Dataset":[],"FAQPage":[],"Movie":[],"Person":[],"Product":[],"ProductReview":[],"Car":[],"Recipe":[],"Service":[],"SoftwareApplication":[],"WebPage":[]},"graphName":"Article","isEnabled":true},"graphs":[]},"schema_type":"default","schema_type_options":"{\"article\":{\"articleType\":\"BlogPosting\"},\"course\":{\"name\":\"\",\"description\":\"\",\"provider\":\"\"},\"faq\":{\"pages\":[]},\"product\":{\"reviews\":[]},\"recipe\":{\"ingredients\":[],\"instructions\":[],\"keywords\":[]},\"software\":{\"reviews\":[],\"operatingSystems\":[]},\"webPage\":{\"webPageType\":\"WebPage\"},\"blockGraphs\":[]}","pillar_content":false,"robots_default":true,"robots_noindex":false,"robots_noarchive":false,"robots_nosnippet":false,"robots_nofollow":false,"robots_noimageindex":false,"robots_noodp":false,"robots_notranslate":false,"robots_max_snippet":"-1","robots_max_videopreview":"-1","robots_max_imagepreview":"large","priority":null,"frequency":"default","local_seo":null,"breadcrumb_settings":null,"limit_modified_date":false,"open_ai":null,"created":"2021-02-02 09:06:31","updated":"2025-06-08 13:50:03","ai":null,"seo_analyzer_scan_date":null,"focus_keyword":null,"additional_keywords":null,"truseo_locale":null},"acf":[],"_links":{"self":[{"href":"https:\/\/www.enka.com\/tr\/wp-json\/wp\/v2\/posts\/44893","targetHints":{"allow":["GET"]}}],"collection":[{"href":"https:\/\/www.enka.com\/tr\/wp-json\/wp\/v2\/posts"}],"about":[{"href":"https:\/\/www.enka.com\/tr\/wp-json\/wp\/v2\/types\/post"}],"author":[{"embeddable":true,"href":"https:\/\/www.enka.com\/tr\/wp-json\/wp\/v2\/users\/25"}],"replies":[{"embeddable":true,"href":"https:\/\/www.enka.com\/tr\/wp-json\/wp\/v2\/comments?post=44893"}],"version-history":[{"count":0,"href":"https:\/\/www.enka.com\/tr\/wp-json\/wp\/v2\/posts\/44893\/revisions"}],"wp:featuredmedia":[{"embeddable":true,"href":"https:\/\/www.enka.com\/tr\/wp-json\/wp\/v2\/media\/44891"}],"wp:attachment":[{"href":"https:\/\/www.enka.com\/tr\/wp-json\/wp\/v2\/media?parent=44893"}],"wp:term":[{"taxonomy":"category","embeddable":true,"href":"https:\/\/www.enka.com\/tr\/wp-json\/wp\/v2\/categories?post=44893"},{"taxonomy":"post_tag","embeddable":true,"href":"https:\/\/www.enka.com\/tr\/wp-json\/wp\/v2\/tags?post=44893"}],"curies":[{"name":"wp","href":"https:\/\/api.w.org\/{rel}","templated":true}]}}