{"id":52688,"date":"2018-05-28T17:35:25","date_gmt":"2018-05-28T14:35:25","guid":{"rendered":"http:\/\/www.enka.com\/?p=52688"},"modified":"2020-05-06T13:53:51","modified_gmt":"2020-05-06T10:53:51","slug":"enka-spor-atletizm-takimi-avrupanin-zirvesinde","status":"publish","type":"post","link":"https:\/\/www.enka.com\/tr\/enka-spor-atletizm-takimi-avrupanin-zirvesinde\/","title":{"rendered":"ENKA Spor Atletizm Tak\u0131m\u0131 Avrupa&#8217;n\u0131n Zirvesinde"},"content":{"rendered":"<p>26-27 May\u0131s tarihlerinde Birmingham\u2019da ger\u00e7ekle\u015fen Avrupa \u015eampiyon Kul\u00fcpler Kupas\u0131\u2019nda T\u00fcrkiye\u2019yi hem erkeklerde hem kad\u0131nlarda temsil eden ENKA Spor kul\u00fcb\u00fc Avrupa\u2019n\u0131n zirvesinde kalmay\u0131 yine ba\u015fard\u0131. 10 ekip aras\u0131nda erkek tak\u0131m\u0131m\u0131z Avrupa \u015eampiyonu olurken, kad\u0131n tak\u0131m\u0131m\u0131z 1\u2019incinin ard\u0131ndan 2 puan farkla Avrupa \u0130kincili\u011fini elde etti.<\/p>\n<p>2016 y\u0131l\u0131nda Mersin\u2019de bu kupada T\u00fcrkiye\u2019ye ilk kez \u015fampiyonluk ya\u015fatan erkek tak\u0131m\u0131m\u0131z, b\u00f6ylece Birmingham\u2019da da unvan\u0131n\u0131 koruyarak bir kez daha zirveye \u00e7\u0131kt\u0131.<\/p>\n<p>Atletizm tak\u0131m\u0131m\u0131z\u0131 ve teknik ekibimizi bu \u00fcst\u00fcn ba\u015far\u0131s\u0131ndan dolay\u0131 tebrik ediyoruz!<\/p>\n","protected":false},"excerpt":{"rendered":"<p>26-27 May\u0131s tarihlerinde Birmingham\u2019da ger\u00e7ekle\u015fen Avrupa \u015eampiyon Kul\u00fcpler Kupas\u0131\u2019nda T\u00fcrkiye\u2019yi hem erkeklerde hem kad\u0131nlarda temsil eden ENKA Spor kul\u00fcb\u00fc Avrupa\u2019n\u0131n zirvesinde kalmay\u0131 yine ba\u015fard\u0131. 10 ekip aras\u0131nda erkek tak\u0131m\u0131m\u0131z Avrupa \u015eampiyonu olurken, kad\u0131n tak\u0131m\u0131m\u0131z 1\u2019incinin ard\u0131ndan 2 puan farkla Avrupa \u0130kincili\u011fini elde etti. 2016 y\u0131l\u0131nda Mersin\u2019de bu kupada T\u00fcrkiye\u2019ye ilk kez \u015fampiyonluk ya\u015fatan erkek tak\u0131m\u0131m\u0131z, <a class=\"more-link\" href=\"https:\/\/www.enka.com\/tr\/enka-spor-atletizm-takimi-avrupanin-zirvesinde\/\">Continue reading <i class=\"fa fa-chevron-right\"><\/i><\/a><\/p>\n","protected":false},"author":29,"featured_media":52684,"comment_status":"closed","ping_status":"closed","sticky":false,"template":"","format":"standard","meta":{"_acf_changed":false,"footnotes":""},"categories":[630],"tags":[],"class_list":["post-52688","post","type-post","status-publish","format-standard","has-post-thumbnail","hentry","category-enka-spor"],"aioseo_notices":[],"acf":[],"_links":{"self":[{"href":"https:\/\/www.enka.com\/tr\/wp-json\/wp\/v2\/posts\/52688","targetHints":{"allow":["GET"]}}],"collection":[{"href":"https:\/\/www.enka.com\/tr\/wp-json\/wp\/v2\/posts"}],"about":[{"href":"https:\/\/www.enka.com\/tr\/wp-json\/wp\/v2\/types\/post"}],"author":[{"embeddable":true,"href":"https:\/\/www.enka.com\/tr\/wp-json\/wp\/v2\/users\/29"}],"replies":[{"embeddable":true,"href":"https:\/\/www.enka.com\/tr\/wp-json\/wp\/v2\/comments?post=52688"}],"version-history":[{"count":0,"href":"https:\/\/www.enka.com\/tr\/wp-json\/wp\/v2\/posts\/52688\/revisions"}],"wp:featuredmedia":[{"embeddable":true,"href":"https:\/\/www.enka.com\/tr\/wp-json\/wp\/v2\/media\/52684"}],"wp:attachment":[{"href":"https:\/\/www.enka.com\/tr\/wp-json\/wp\/v2\/media?parent=52688"}],"wp:term":[{"taxonomy":"category","embeddable":true,"href":"https:\/\/www.enka.com\/tr\/wp-json\/wp\/v2\/categories?post=52688"},{"taxonomy":"post_tag","embeddable":true,"href":"https:\/\/www.enka.com\/tr\/wp-json\/wp\/v2\/tags?post=52688"}],"curies":[{"name":"wp","href":"https:\/\/api.w.org\/{rel}","templated":true}]}}