{"id":70269,"date":"2020-12-23T18:28:16","date_gmt":"2020-12-23T15:28:16","guid":{"rendered":"https:\/\/www.enka.com\/our-young-swimmer-merve-tuncel-broke-the-world-junior-short-track-record-with-154529-minutes-in-1500m-freestyle\/"},"modified":"2023-02-01T16:34:45","modified_gmt":"2023-02-01T13:34:45","slug":"genc-yuzucumuz-merve-tuncel-1500m-serbestte-1545-29-dklik-derecesi-ile-kisa-kulvar-dunya-gencler-rekorunu-kirmistir","status":"publish","type":"post","link":"https:\/\/www.enka.com\/tr\/genc-yuzucumuz-merve-tuncel-1500m-serbestte-1545-29-dklik-derecesi-ile-kisa-kulvar-dunya-gencler-rekorunu-kirmistir\/","title":{"rendered":"Gen\u00e7 y\u00fcz\u00fcc\u00fcm\u00fcz Merve Tuncel 1500m Serbest&#8217;te 15:45.29 dk&#8217;l\u0131k derecesi ile K\u0131sa Kulvar D\u00fcnya Gen\u00e7ler Rekorunu k\u0131rm\u0131\u015ft\u0131r"},"content":{"rendered":"<div class=\"clearfix\" style=\"height: 15px\"><\/div>Tokyo Olimpiyatlar\u0131nda \u00fclkemizi temsil edecek olan 15 ya\u015f\u0131ndaki gen\u00e7 y\u00fcz\u00fcc\u00fcm\u00fcz Merve Tuncel, I\u0307stanbul&#8217;da d\u00fczenlenen Tu\u0308rkiye Arena Kulu\u0308pler Aras\u0131 K\u0131sa Kulvar Genc\u0327 ve Ac\u0327\u0131k Yas\u0327 Yu\u0308zme S\u0327ampiyonas\u0131 &#8211; Y\u0131ld\u0131zlar Bireysel Yu\u0308zme Mu\u0308sabakalar\u0131&#8217;nda, 1500m Serbest&#8217;te ger\u00e7ekle\u015ftirmi\u015f oldu\u011fu 15:45.29 dk&#8217;l\u0131k derecesi ile K\u0131sa Kulvar D\u00fcnya Gen\u00e7ler Rekorunu k\u0131rm\u0131\u015ft\u0131r.<\/p>\n<p>2013 y\u0131l\u0131nda Avustralyal\u0131 Chelsea Gubecka&#8217;n\u0131n elde etti\u011fi 15:54.69 dk&#8217;l\u0131k eski rekoru, muhte\u015fem bir derece ile k\u0131ran de\u011ferli sporcumuz Merve Tuncel&#8217;i, antren\u00f6r\u00fc Gjon Shyti&#8217;yi ve teknik ekibini kutlar, Tokyo Olimpiyatlar\u0131 haz\u0131rl\u0131klar\u0131nda ba\u015far\u0131lar\u0131n\u0131n artarak devam\u0131n\u0131 dileriz.<\/p>\n<p>2016 Rio Olimpiyatlar\u0131\u2019na T\u00fcrkiye\u2019den kat\u0131lan 103 sporcunun 22\u2019sini ve ayn\u0131 \u015fekilde, 2012 y\u0131l\u0131nda Londra\u2019da ger\u00e7ekle\u015fen Olimpiyatlara T\u00fcrkiye\u2019den kat\u0131lan 114 sporcunun 17\u2019sini yeti\u015ftiren ENKA Spor Kul\u00fcb\u00fc ile \u00fclkemizi temsil eden gen\u00e7 sporcular\u0131m\u0131z\u0131 desteklemeye devam edece\u011fiz.<\/p>\n","protected":false},"excerpt":{"rendered":"<p>Tokyo Olimpiyatlar\u0131nda \u00fclkemizi temsil edecek olan 15 ya\u015f\u0131ndaki gen\u00e7 y\u00fcz\u00fcc\u00fcm\u00fcz Merve Tuncel, I\u0307stanbul&#8217;da d\u00fczenlenen Tu\u0308rkiye Arena Kulu\u0308pler Aras\u0131 K\u0131sa Kulvar Genc\u0327 ve Ac\u0327\u0131k Yas\u0327 Yu\u0308zme S\u0327ampiyonas\u0131 &#8211; Y\u0131ld\u0131zlar Bireysel Yu\u0308zme Mu\u0308sabakalar\u0131&#8217;nda, 1500m Serbest&#8217;te ger\u00e7ekle\u015ftirmi\u015f oldu\u011fu 15:45.29 dk&#8217;l\u0131k derecesi ile K\u0131sa Kulvar D\u00fcnya Gen\u00e7ler Rekorunu k\u0131rm\u0131\u015ft\u0131r. 2013 y\u0131l\u0131nda Avustralyal\u0131 Chelsea Gubecka&#8217;n\u0131n elde etti\u011fi 15:54.69 dk&#8217;l\u0131k eski <a class=\"more-link\" href=\"https:\/\/www.enka.com\/tr\/genc-yuzucumuz-merve-tuncel-1500m-serbestte-1545-29-dklik-derecesi-ile-kisa-kulvar-dunya-gencler-rekorunu-kirmistir\/\">Continue reading <i class=\"fa fa-chevron-right\"><\/i><\/a><\/p>\n","protected":false},"author":29,"featured_media":70265,"comment_status":"closed","ping_status":"closed","sticky":false,"template":"","format":"standard","meta":{"_acf_changed":false,"footnotes":""},"categories":[630],"tags":[13644,14097,14353],"class_list":["post-70269","post","type-post","status-publish","format-standard","has-post-thumbnail","hentry","category-enka-spor","tag-enkaconstruction-tr","tag-enkainsaat-tr-2","tag-enkasporkulubu-tr"],"aioseo_notices":[],"aioseo_head":"\n\t\t<!-- All in One SEO 5.0.1.1 - aioseo.com -->\n\t<meta name=\"description\" content=\"Gen\u00e7 y\u00fcz\u00fcc\u00fcm\u00fcz Merve Tuncel, Tu\u0308rkiye Arena Kulu\u0308pler Aras\u0131 K\u0131sa Kulvar Genc\u0327 ve Ac\u0327\u0131k Yas\u0327 Yu\u0308zme S\u0327ampiyonas\u0131 - Y\u0131ld\u0131zlar Bireysel Yu\u0308zme Mu\u0308sabakalar\u0131&#039;nda, 1500m Serbest&#039;te ger\u00e7ekle\u015ftirmi\u015f oldu\u011fu 15:45.29 dk&#039;l\u0131k derecesi ile K\u0131sa Kulvar D\u00fcnya Gen\u00e7ler Rekorunu k\u0131rm\u0131\u015ft\u0131r.\" \/>\n\t<meta name=\"robots\" content=\"max-image-preview:large\" \/>\n\t<meta name=\"author\" content=\"Alima Terzioglu\"\/>\n\t<meta name=\"google-site-verification\" content=\"UQ-k7hcOVZluZene7_iGgI7iewEm4fFqYkW4KY9-n28\" \/>\n\t<meta name=\"p:domain_verify\" content=\"61890147e937e076e1c5dfdd6aeed81a\" \/>\n\t<meta name=\"yandex-verification\" content=\"5d2561526cb84137\" \/>\n\t<link rel=\"canonical\" href=\"https:\/\/www.enka.com\/tr\/genc-yuzucumuz-merve-tuncel-1500m-serbestte-1545-29-dklik-derecesi-ile-kisa-kulvar-dunya-gencler-rekorunu-kirmistir\/\" \/>\n\t<meta name=\"generator\" content=\"All in One SEO (AIOSEO) 5.0.1.1\" \/>\n\n\t\t<!-- Google tag (gtag.js) -->\n<script async src=\"https:\/\/www.googletagmanager.com\/gtag\/js?id=G-NQHTTC6MQB\"><\/script>\n<script>\n  window.dataLayer = window.dataLayer || [];\n  function gtag(){dataLayer.push(arguments);}\n  gtag('js', new Date());\n\n  gtag('config', 'G-NQHTTC6MQB');\n<\/script>\n\t\t<meta property=\"og:locale\" content=\"tr_TR\" \/>\n\t\t<meta property=\"og:site_name\" content=\"ENKA \u0130n\u015faat ve Sanayi A.\u015e.\" \/>\n\t\t<meta property=\"og:type\" content=\"article\" \/>\n\t\t<meta property=\"og:title\" content=\"Gen\u00e7 y\u00fcz\u00fcc\u00fcm\u00fcz Merve Tuncel 1500m Serbest\u2019te 15:45.29 dk\u2019l\u0131k derecesi ile K\u0131sa Kulvar D\u00fcnya Gen\u00e7ler Rekorunu k\u0131rm\u0131\u015ft\u0131r | ENKA \u0130n\u015faat ve Sanayi A.\u015e.\" \/>\n\t\t<meta property=\"og:description\" content=\"Gen\u00e7 y\u00fcz\u00fcc\u00fcm\u00fcz Merve Tuncel, Tu\u0308rkiye Arena Kulu\u0308pler Aras\u0131 K\u0131sa Kulvar Genc\u0327 ve Ac\u0327\u0131k Yas\u0327 Yu\u0308zme S\u0327ampiyonas\u0131 - Y\u0131ld\u0131zlar Bireysel Yu\u0308zme Mu\u0308sabakalar\u0131&#039;nda, 1500m Serbest&#039;te ger\u00e7ekle\u015ftirmi\u015f oldu\u011fu 15:45.29 dk&#039;l\u0131k derecesi ile K\u0131sa Kulvar D\u00fcnya Gen\u00e7ler Rekorunu k\u0131rm\u0131\u015ft\u0131r.\" \/>\n\t\t<meta property=\"og:url\" content=\"https:\/\/www.enka.com\/tr\/genc-yuzucumuz-merve-tuncel-1500m-serbestte-1545-29-dklik-derecesi-ile-kisa-kulvar-dunya-gencler-rekorunu-kirmistir\/\" \/>\n\t\t<meta property=\"fb:admins\" content=\"334532790084532\" \/>\n\t\t<meta property=\"article:published_time\" content=\"2020-12-23T15:28:16+00:00\" \/>\n\t\t<meta property=\"article:modified_time\" content=\"2023-02-01T13:34:45+00:00\" \/>\n\t\t<meta property=\"article:publisher\" content=\"https:\/\/www.facebook.com\/enkaconstruction\/\" \/>\n\t\t<meta name=\"twitter:card\" content=\"summary_large_image\" \/>\n\t\t<meta name=\"twitter:site\" content=\"@ENKA_Cons\" \/>\n\t\t<meta name=\"twitter:title\" content=\"Gen\u00e7 y\u00fcz\u00fcc\u00fcm\u00fcz Merve Tuncel 1500m Serbest\u2019te 15:45.29 dk\u2019l\u0131k derecesi ile K\u0131sa Kulvar D\u00fcnya Gen\u00e7ler Rekorunu k\u0131rm\u0131\u015ft\u0131r | ENKA \u0130n\u015faat ve Sanayi A.\u015e.\" \/>\n\t\t<meta name=\"twitter:description\" content=\"Gen\u00e7 y\u00fcz\u00fcc\u00fcm\u00fcz Merve Tuncel, Tu\u0308rkiye Arena Kulu\u0308pler Aras\u0131 K\u0131sa Kulvar Genc\u0327 ve Ac\u0327\u0131k Yas\u0327 Yu\u0308zme S\u0327ampiyonas\u0131 - Y\u0131ld\u0131zlar Bireysel Yu\u0308zme Mu\u0308sabakalar\u0131&#039;nda, 1500m Serbest&#039;te ger\u00e7ekle\u015ftirmi\u015f oldu\u011fu 15:45.29 dk&#039;l\u0131k derecesi ile K\u0131sa Kulvar D\u00fcnya Gen\u00e7ler Rekorunu k\u0131rm\u0131\u015ft\u0131r.\" \/>\n\t\t<script type=\"application\/ld+json\" class=\"aioseo-schema\">\n\t\t\t{\"@context\":\"https:\\\/\\\/schema.org\",\"@graph\":[{\"@type\":\"Article\",\"@id\":\"https:\\\/\\\/www.enka.com\\\/tr\\\/genc-yuzucumuz-merve-tuncel-1500m-serbestte-1545-29-dklik-derecesi-ile-kisa-kulvar-dunya-gencler-rekorunu-kirmistir\\\/#article\",\"name\":\"Gen\\u00e7 y\\u00fcz\\u00fcc\\u00fcm\\u00fcz Merve Tuncel 1500m Serbest\\u2019te 15:45.29 dk\\u2019l\\u0131k derecesi ile K\\u0131sa Kulvar D\\u00fcnya Gen\\u00e7ler Rekorunu k\\u0131rm\\u0131\\u015ft\\u0131r | ENKA \\u0130n\\u015faat ve Sanayi A.\\u015e.\",\"headline\":\"Gen\\u00e7 y\\u00fcz\\u00fcc\\u00fcm\\u00fcz Merve Tuncel 1500m Serbest&#8217;te 15:45.29 dk&#8217;l\\u0131k derecesi ile K\\u0131sa Kulvar D\\u00fcnya Gen\\u00e7ler Rekorunu k\\u0131rm\\u0131\\u015ft\\u0131r\",\"author\":{\"@id\":\"https:\\\/\\\/www.enka.com\\\/tr\\\/author\\\/alima-terzioglu\\\/#author\"},\"publisher\":{\"@id\":\"https:\\\/\\\/www.enka.com\\\/tr\\\/#organization\"},\"image\":{\"@type\":\"ImageObject\",\"url\":\"https:\\\/\\\/www.enka.com\\\/wp-content\\\/uploads\\\/2020\\\/12\\\/Merve-Tuncel_web.jpg\",\"width\":1024,\"height\":580},\"datePublished\":\"2020-12-23T18:28:16+03:00\",\"dateModified\":\"2023-02-01T16:34:45+03:00\",\"inLanguage\":\"tr-TR\",\"mainEntityOfPage\":{\"@id\":\"https:\\\/\\\/www.enka.com\\\/tr\\\/genc-yuzucumuz-merve-tuncel-1500m-serbestte-1545-29-dklik-derecesi-ile-kisa-kulvar-dunya-gencler-rekorunu-kirmistir\\\/#webpage\"},\"isPartOf\":{\"@id\":\"https:\\\/\\\/www.enka.com\\\/tr\\\/genc-yuzucumuz-merve-tuncel-1500m-serbestte-1545-29-dklik-derecesi-ile-kisa-kulvar-dunya-gencler-rekorunu-kirmistir\\\/#webpage\"},\"articleSection\":\"Spor, enkaconstruction, enkainsaat, enkasporkul\\u00fcb\\u00fc, Optional\"},{\"@type\":\"BreadcrumbList\",\"@id\":\"https:\\\/\\\/www.enka.com\\\/tr\\\/genc-yuzucumuz-merve-tuncel-1500m-serbestte-1545-29-dklik-derecesi-ile-kisa-kulvar-dunya-gencler-rekorunu-kirmistir\\\/#breadcrumblist\",\"itemListElement\":[{\"@type\":\"ListItem\",\"@id\":\"https:\\\/\\\/www.enka.com\\\/tr\\\/#listItem\",\"position\":1,\"name\":\"Home\",\"item\":\"https:\\\/\\\/www.enka.com\\\/tr\\\/\",\"nextItem\":{\"@type\":\"ListItem\",\"@id\":\"https:\\\/\\\/www.enka.com\\\/tr\\\/category\\\/enka-spor\\\/#listItem\",\"name\":\"Spor\"}},{\"@type\":\"ListItem\",\"@id\":\"https:\\\/\\\/www.enka.com\\\/tr\\\/category\\\/enka-spor\\\/#listItem\",\"position\":2,\"name\":\"Spor\",\"item\":\"https:\\\/\\\/www.enka.com\\\/tr\\\/category\\\/enka-spor\\\/\",\"nextItem\":{\"@type\":\"ListItem\",\"@id\":\"https:\\\/\\\/www.enka.com\\\/tr\\\/genc-yuzucumuz-merve-tuncel-1500m-serbestte-1545-29-dklik-derecesi-ile-kisa-kulvar-dunya-gencler-rekorunu-kirmistir\\\/#listItem\",\"name\":\"Gen\\u00e7 y\\u00fcz\\u00fcc\\u00fcm\\u00fcz Merve Tuncel 1500m Serbest&#8217;te 15:45.29 dk&#8217;l\\u0131k derecesi ile K\\u0131sa Kulvar D\\u00fcnya Gen\\u00e7ler Rekorunu k\\u0131rm\\u0131\\u015ft\\u0131r\"},\"previousItem\":{\"@type\":\"ListItem\",\"@id\":\"https:\\\/\\\/www.enka.com\\\/tr\\\/#listItem\",\"name\":\"Home\"}},{\"@type\":\"ListItem\",\"@id\":\"https:\\\/\\\/www.enka.com\\\/tr\\\/genc-yuzucumuz-merve-tuncel-1500m-serbestte-1545-29-dklik-derecesi-ile-kisa-kulvar-dunya-gencler-rekorunu-kirmistir\\\/#listItem\",\"position\":3,\"name\":\"Gen\\u00e7 y\\u00fcz\\u00fcc\\u00fcm\\u00fcz Merve Tuncel 1500m Serbest&#8217;te 15:45.29 dk&#8217;l\\u0131k derecesi ile K\\u0131sa Kulvar D\\u00fcnya Gen\\u00e7ler Rekorunu k\\u0131rm\\u0131\\u015ft\\u0131r\",\"previousItem\":{\"@type\":\"ListItem\",\"@id\":\"https:\\\/\\\/www.enka.com\\\/tr\\\/category\\\/enka-spor\\\/#listItem\",\"name\":\"Spor\"}}]},{\"@type\":\"Organization\",\"@id\":\"https:\\\/\\\/www.enka.com\\\/tr\\\/#organization\",\"name\":\"ENKA \\u0130n\\u015faat ve Sanayi A.\\u015e.\",\"description\":\"ENKA, T\\u00fcrkiye\\u2019nin en b\\u00fcy\\u00fck in\\u015faat \\u015firketi olmakla beraber, 1982 y\\u0131l\\u0131ndan bu yana ENR En \\u0130yi Uluslararas\\u0131 M\\u00fcteahhitler aras\\u0131nda yer almaktad\\u0131r.\",\"url\":\"https:\\\/\\\/www.enka.com\\\/tr\\\/\",\"telephone\":\"+902123761000\",\"logo\":{\"@type\":\"ImageObject\",\"url\":\"https:\\\/\\\/www.enka.com\\\/wp-content\\\/uploads\\\/2015\\\/07\\\/enka-icon-112x112-1.png\",\"@id\":\"https:\\\/\\\/www.enka.com\\\/tr\\\/genc-yuzucumuz-merve-tuncel-1500m-serbestte-1545-29-dklik-derecesi-ile-kisa-kulvar-dunya-gencler-rekorunu-kirmistir\\\/#organizationLogo\",\"width\":112,\"height\":112},\"image\":{\"@id\":\"https:\\\/\\\/www.enka.com\\\/tr\\\/genc-yuzucumuz-merve-tuncel-1500m-serbestte-1545-29-dklik-derecesi-ile-kisa-kulvar-dunya-gencler-rekorunu-kirmistir\\\/#organizationLogo\"},\"sameAs\":[\"https:\\\/\\\/www.instagram.com\\\/enka_insaat_official\\\/\",\"https:\\\/\\\/www.youtube.com\\\/channel\\\/UCtdqyCnE1uZiCkl3Luedj6Q\",\"https:\\\/\\\/www.linkedin.com\\\/company\\\/enka\"]},{\"@type\":\"Person\",\"@id\":\"https:\\\/\\\/www.enka.com\\\/tr\\\/author\\\/alima-terzioglu\\\/#author\",\"url\":\"https:\\\/\\\/www.enka.com\\\/tr\\\/author\\\/alima-terzioglu\\\/\",\"name\":\"Alima Terzioglu\",\"image\":{\"@type\":\"ImageObject\",\"@id\":\"https:\\\/\\\/www.enka.com\\\/tr\\\/genc-yuzucumuz-merve-tuncel-1500m-serbestte-1545-29-dklik-derecesi-ile-kisa-kulvar-dunya-gencler-rekorunu-kirmistir\\\/#authorImage\",\"url\":\"https:\\\/\\\/www.enka.com\\\/wp-content\\\/litespeed\\\/avatar\\\/d98b18e5170a41fc91ec0860f6d45864.jpg?ver=1787933646\",\"width\":96,\"height\":96,\"caption\":\"Alima Terzioglu\"}},{\"@type\":\"WebPage\",\"@id\":\"https:\\\/\\\/www.enka.com\\\/tr\\\/genc-yuzucumuz-merve-tuncel-1500m-serbestte-1545-29-dklik-derecesi-ile-kisa-kulvar-dunya-gencler-rekorunu-kirmistir\\\/#webpage\",\"url\":\"https:\\\/\\\/www.enka.com\\\/tr\\\/genc-yuzucumuz-merve-tuncel-1500m-serbestte-1545-29-dklik-derecesi-ile-kisa-kulvar-dunya-gencler-rekorunu-kirmistir\\\/\",\"name\":\"Gen\\u00e7 y\\u00fcz\\u00fcc\\u00fcm\\u00fcz Merve Tuncel 1500m Serbest\\u2019te 15:45.29 dk\\u2019l\\u0131k derecesi ile K\\u0131sa Kulvar D\\u00fcnya Gen\\u00e7ler Rekorunu k\\u0131rm\\u0131\\u015ft\\u0131r | ENKA \\u0130n\\u015faat ve Sanayi A.\\u015e.\",\"description\":\"Gen\\u00e7 y\\u00fcz\\u00fcc\\u00fcm\\u00fcz Merve Tuncel, Tu\\u0308rkiye Arena Kulu\\u0308pler Aras\\u0131 K\\u0131sa Kulvar Genc\\u0327 ve Ac\\u0327\\u0131k Yas\\u0327 Yu\\u0308zme S\\u0327ampiyonas\\u0131 - Y\\u0131ld\\u0131zlar Bireysel Yu\\u0308zme Mu\\u0308sabakalar\\u0131'nda, 1500m Serbest'te ger\\u00e7ekle\\u015ftirmi\\u015f oldu\\u011fu 15:45.29 dk'l\\u0131k derecesi ile K\\u0131sa Kulvar D\\u00fcnya Gen\\u00e7ler Rekorunu k\\u0131rm\\u0131\\u015ft\\u0131r.\",\"inLanguage\":\"tr-TR\",\"isPartOf\":{\"@id\":\"https:\\\/\\\/www.enka.com\\\/tr\\\/#website\"},\"breadcrumb\":{\"@id\":\"https:\\\/\\\/www.enka.com\\\/tr\\\/genc-yuzucumuz-merve-tuncel-1500m-serbestte-1545-29-dklik-derecesi-ile-kisa-kulvar-dunya-gencler-rekorunu-kirmistir\\\/#breadcrumblist\"},\"author\":{\"@id\":\"https:\\\/\\\/www.enka.com\\\/tr\\\/author\\\/alima-terzioglu\\\/#author\"},\"creator\":{\"@id\":\"https:\\\/\\\/www.enka.com\\\/tr\\\/author\\\/alima-terzioglu\\\/#author\"},\"image\":{\"@type\":\"ImageObject\",\"url\":\"https:\\\/\\\/www.enka.com\\\/wp-content\\\/uploads\\\/2020\\\/12\\\/Merve-Tuncel_web.jpg\",\"@id\":\"https:\\\/\\\/www.enka.com\\\/tr\\\/genc-yuzucumuz-merve-tuncel-1500m-serbestte-1545-29-dklik-derecesi-ile-kisa-kulvar-dunya-gencler-rekorunu-kirmistir\\\/#mainImage\",\"width\":1024,\"height\":580},\"primaryImageOfPage\":{\"@id\":\"https:\\\/\\\/www.enka.com\\\/tr\\\/genc-yuzucumuz-merve-tuncel-1500m-serbestte-1545-29-dklik-derecesi-ile-kisa-kulvar-dunya-gencler-rekorunu-kirmistir\\\/#mainImage\"},\"datePublished\":\"2020-12-23T18:28:16+03:00\",\"dateModified\":\"2023-02-01T16:34:45+03:00\"},{\"@type\":\"WebSite\",\"@id\":\"https:\\\/\\\/www.enka.com\\\/tr\\\/#website\",\"url\":\"https:\\\/\\\/www.enka.com\\\/tr\\\/\",\"name\":\"ENKA \\u0130n\\u015faat ve Sanayi A.\\u015e.\",\"description\":\"ENKA, T\\u00fcrkiye\\u2019nin en b\\u00fcy\\u00fck in\\u015faat \\u015firketi olmakla beraber, 1982 y\\u0131l\\u0131ndan bu yana ENR En \\u0130yi Uluslararas\\u0131 M\\u00fcteahhitler aras\\u0131nda yer almaktad\\u0131r.\",\"inLanguage\":\"tr-TR\",\"publisher\":{\"@id\":\"https:\\\/\\\/www.enka.com\\\/tr\\\/#organization\"}}]}\n\t\t<\/script>\n\t\t<!-- All in One SEO -->\n\n","aioseo_head_json":{"title":"Gen\u00e7 y\u00fcz\u00fcc\u00fcm\u00fcz Merve Tuncel 1500m Serbest\u2019te 15:45.29 dk\u2019l\u0131k derecesi ile K\u0131sa Kulvar D\u00fcnya Gen\u00e7ler Rekorunu k\u0131rm\u0131\u015ft\u0131r | ENKA \u0130n\u015faat ve Sanayi A.\u015e.","description":"Gen\u00e7 y\u00fcz\u00fcc\u00fcm\u00fcz Merve Tuncel, Tu\u0308rkiye Arena Kulu\u0308pler Aras\u0131 K\u0131sa Kulvar Genc\u0327 ve Ac\u0327\u0131k Yas\u0327 Yu\u0308zme S\u0327ampiyonas\u0131 - Y\u0131ld\u0131zlar Bireysel Yu\u0308zme Mu\u0308sabakalar\u0131'nda, 1500m Serbest'te ger\u00e7ekle\u015ftirmi\u015f oldu\u011fu 15:45.29 dk'l\u0131k derecesi ile K\u0131sa Kulvar D\u00fcnya Gen\u00e7ler Rekorunu k\u0131rm\u0131\u015ft\u0131r.","canonical_url":"https:\/\/www.enka.com\/tr\/genc-yuzucumuz-merve-tuncel-1500m-serbestte-1545-29-dklik-derecesi-ile-kisa-kulvar-dunya-gencler-rekorunu-kirmistir\/","robots":"max-image-preview:large","keywords":"","webmasterTools":{"google-site-verification":"UQ-k7hcOVZluZene7_iGgI7iewEm4fFqYkW4KY9-n28","p:domain_verify":"61890147e937e076e1c5dfdd6aeed81a","yandex-verification":"5d2561526cb84137","miscellaneous":"&lt;!-- Google tag (gtag.js) --&gt;\n&lt;script async src=\"https:\/\/www.googletagmanager.com\/gtag\/js?id=G-NQHTTC6MQB\"&gt;&lt;\/script&gt;\n&lt;script&gt;\n  window.dataLayer = window.dataLayer || [];\n  function gtag(){dataLayer.push(arguments);}\n  gtag('js', new Date());\n\n  gtag('config', 'G-NQHTTC6MQB');\n&lt;\/script&gt;"},"schema":{"@context":"https:\/\/schema.org","@graph":[{"@type":"Article","@id":"https:\/\/www.enka.com\/tr\/genc-yuzucumuz-merve-tuncel-1500m-serbestte-1545-29-dklik-derecesi-ile-kisa-kulvar-dunya-gencler-rekorunu-kirmistir\/#article","name":"Gen\u00e7 y\u00fcz\u00fcc\u00fcm\u00fcz Merve Tuncel 1500m Serbest\u2019te 15:45.29 dk\u2019l\u0131k derecesi ile K\u0131sa Kulvar D\u00fcnya Gen\u00e7ler Rekorunu k\u0131rm\u0131\u015ft\u0131r | ENKA \u0130n\u015faat ve Sanayi A.\u015e.","headline":"Gen\u00e7 y\u00fcz\u00fcc\u00fcm\u00fcz Merve Tuncel 1500m Serbest&#8217;te 15:45.29 dk&#8217;l\u0131k derecesi ile K\u0131sa Kulvar D\u00fcnya Gen\u00e7ler Rekorunu k\u0131rm\u0131\u015ft\u0131r","author":{"@id":"https:\/\/www.enka.com\/tr\/author\/alima-terzioglu\/#author"},"publisher":{"@id":"https:\/\/www.enka.com\/tr\/#organization"},"image":{"@type":"ImageObject","url":"https:\/\/www.enka.com\/wp-content\/uploads\/2020\/12\/Merve-Tuncel_web.jpg","width":1024,"height":580},"datePublished":"2020-12-23T18:28:16+03:00","dateModified":"2023-02-01T16:34:45+03:00","inLanguage":"tr-TR","mainEntityOfPage":{"@id":"https:\/\/www.enka.com\/tr\/genc-yuzucumuz-merve-tuncel-1500m-serbestte-1545-29-dklik-derecesi-ile-kisa-kulvar-dunya-gencler-rekorunu-kirmistir\/#webpage"},"isPartOf":{"@id":"https:\/\/www.enka.com\/tr\/genc-yuzucumuz-merve-tuncel-1500m-serbestte-1545-29-dklik-derecesi-ile-kisa-kulvar-dunya-gencler-rekorunu-kirmistir\/#webpage"},"articleSection":"Spor, enkaconstruction, enkainsaat, enkasporkul\u00fcb\u00fc, Optional"},{"@type":"BreadcrumbList","@id":"https:\/\/www.enka.com\/tr\/genc-yuzucumuz-merve-tuncel-1500m-serbestte-1545-29-dklik-derecesi-ile-kisa-kulvar-dunya-gencler-rekorunu-kirmistir\/#breadcrumblist","itemListElement":[{"@type":"ListItem","@id":"https:\/\/www.enka.com\/tr\/#listItem","position":1,"name":"Home","item":"https:\/\/www.enka.com\/tr\/","nextItem":{"@type":"ListItem","@id":"https:\/\/www.enka.com\/tr\/category\/enka-spor\/#listItem","name":"Spor"}},{"@type":"ListItem","@id":"https:\/\/www.enka.com\/tr\/category\/enka-spor\/#listItem","position":2,"name":"Spor","item":"https:\/\/www.enka.com\/tr\/category\/enka-spor\/","nextItem":{"@type":"ListItem","@id":"https:\/\/www.enka.com\/tr\/genc-yuzucumuz-merve-tuncel-1500m-serbestte-1545-29-dklik-derecesi-ile-kisa-kulvar-dunya-gencler-rekorunu-kirmistir\/#listItem","name":"Gen\u00e7 y\u00fcz\u00fcc\u00fcm\u00fcz Merve Tuncel 1500m Serbest&#8217;te 15:45.29 dk&#8217;l\u0131k derecesi ile K\u0131sa Kulvar D\u00fcnya Gen\u00e7ler Rekorunu k\u0131rm\u0131\u015ft\u0131r"},"previousItem":{"@type":"ListItem","@id":"https:\/\/www.enka.com\/tr\/#listItem","name":"Home"}},{"@type":"ListItem","@id":"https:\/\/www.enka.com\/tr\/genc-yuzucumuz-merve-tuncel-1500m-serbestte-1545-29-dklik-derecesi-ile-kisa-kulvar-dunya-gencler-rekorunu-kirmistir\/#listItem","position":3,"name":"Gen\u00e7 y\u00fcz\u00fcc\u00fcm\u00fcz Merve Tuncel 1500m Serbest&#8217;te 15:45.29 dk&#8217;l\u0131k derecesi ile K\u0131sa Kulvar D\u00fcnya Gen\u00e7ler Rekorunu k\u0131rm\u0131\u015ft\u0131r","previousItem":{"@type":"ListItem","@id":"https:\/\/www.enka.com\/tr\/category\/enka-spor\/#listItem","name":"Spor"}}]},{"@type":"Organization","@id":"https:\/\/www.enka.com\/tr\/#organization","name":"ENKA \u0130n\u015faat ve Sanayi A.\u015e.","description":"ENKA, T\u00fcrkiye\u2019nin en b\u00fcy\u00fck in\u015faat \u015firketi olmakla beraber, 1982 y\u0131l\u0131ndan bu yana ENR En \u0130yi Uluslararas\u0131 M\u00fcteahhitler aras\u0131nda yer almaktad\u0131r.","url":"https:\/\/www.enka.com\/tr\/","telephone":"+902123761000","logo":{"@type":"ImageObject","url":"https:\/\/www.enka.com\/wp-content\/uploads\/2015\/07\/enka-icon-112x112-1.png","@id":"https:\/\/www.enka.com\/tr\/genc-yuzucumuz-merve-tuncel-1500m-serbestte-1545-29-dklik-derecesi-ile-kisa-kulvar-dunya-gencler-rekorunu-kirmistir\/#organizationLogo","width":112,"height":112},"image":{"@id":"https:\/\/www.enka.com\/tr\/genc-yuzucumuz-merve-tuncel-1500m-serbestte-1545-29-dklik-derecesi-ile-kisa-kulvar-dunya-gencler-rekorunu-kirmistir\/#organizationLogo"},"sameAs":["https:\/\/www.instagram.com\/enka_insaat_official\/","https:\/\/www.youtube.com\/channel\/UCtdqyCnE1uZiCkl3Luedj6Q","https:\/\/www.linkedin.com\/company\/enka"]},{"@type":"Person","@id":"https:\/\/www.enka.com\/tr\/author\/alima-terzioglu\/#author","url":"https:\/\/www.enka.com\/tr\/author\/alima-terzioglu\/","name":"Alima Terzioglu","image":{"@type":"ImageObject","@id":"https:\/\/www.enka.com\/tr\/genc-yuzucumuz-merve-tuncel-1500m-serbestte-1545-29-dklik-derecesi-ile-kisa-kulvar-dunya-gencler-rekorunu-kirmistir\/#authorImage","url":"https:\/\/www.enka.com\/wp-content\/litespeed\/avatar\/d98b18e5170a41fc91ec0860f6d45864.jpg?ver=1787933646","width":96,"height":96,"caption":"Alima Terzioglu"}},{"@type":"WebPage","@id":"https:\/\/www.enka.com\/tr\/genc-yuzucumuz-merve-tuncel-1500m-serbestte-1545-29-dklik-derecesi-ile-kisa-kulvar-dunya-gencler-rekorunu-kirmistir\/#webpage","url":"https:\/\/www.enka.com\/tr\/genc-yuzucumuz-merve-tuncel-1500m-serbestte-1545-29-dklik-derecesi-ile-kisa-kulvar-dunya-gencler-rekorunu-kirmistir\/","name":"Gen\u00e7 y\u00fcz\u00fcc\u00fcm\u00fcz Merve Tuncel 1500m Serbest\u2019te 15:45.29 dk\u2019l\u0131k derecesi ile K\u0131sa Kulvar D\u00fcnya Gen\u00e7ler Rekorunu k\u0131rm\u0131\u015ft\u0131r | ENKA \u0130n\u015faat ve Sanayi A.\u015e.","description":"Gen\u00e7 y\u00fcz\u00fcc\u00fcm\u00fcz Merve Tuncel, Tu\u0308rkiye Arena Kulu\u0308pler Aras\u0131 K\u0131sa Kulvar Genc\u0327 ve Ac\u0327\u0131k Yas\u0327 Yu\u0308zme S\u0327ampiyonas\u0131 - Y\u0131ld\u0131zlar Bireysel Yu\u0308zme Mu\u0308sabakalar\u0131'nda, 1500m Serbest'te ger\u00e7ekle\u015ftirmi\u015f oldu\u011fu 15:45.29 dk'l\u0131k derecesi ile K\u0131sa Kulvar D\u00fcnya Gen\u00e7ler Rekorunu k\u0131rm\u0131\u015ft\u0131r.","inLanguage":"tr-TR","isPartOf":{"@id":"https:\/\/www.enka.com\/tr\/#website"},"breadcrumb":{"@id":"https:\/\/www.enka.com\/tr\/genc-yuzucumuz-merve-tuncel-1500m-serbestte-1545-29-dklik-derecesi-ile-kisa-kulvar-dunya-gencler-rekorunu-kirmistir\/#breadcrumblist"},"author":{"@id":"https:\/\/www.enka.com\/tr\/author\/alima-terzioglu\/#author"},"creator":{"@id":"https:\/\/www.enka.com\/tr\/author\/alima-terzioglu\/#author"},"image":{"@type":"ImageObject","url":"https:\/\/www.enka.com\/wp-content\/uploads\/2020\/12\/Merve-Tuncel_web.jpg","@id":"https:\/\/www.enka.com\/tr\/genc-yuzucumuz-merve-tuncel-1500m-serbestte-1545-29-dklik-derecesi-ile-kisa-kulvar-dunya-gencler-rekorunu-kirmistir\/#mainImage","width":1024,"height":580},"primaryImageOfPage":{"@id":"https:\/\/www.enka.com\/tr\/genc-yuzucumuz-merve-tuncel-1500m-serbestte-1545-29-dklik-derecesi-ile-kisa-kulvar-dunya-gencler-rekorunu-kirmistir\/#mainImage"},"datePublished":"2020-12-23T18:28:16+03:00","dateModified":"2023-02-01T16:34:45+03:00"},{"@type":"WebSite","@id":"https:\/\/www.enka.com\/tr\/#website","url":"https:\/\/www.enka.com\/tr\/","name":"ENKA \u0130n\u015faat ve Sanayi A.\u015e.","description":"ENKA, T\u00fcrkiye\u2019nin en b\u00fcy\u00fck in\u015faat \u015firketi olmakla beraber, 1982 y\u0131l\u0131ndan bu yana ENR En \u0130yi Uluslararas\u0131 M\u00fcteahhitler aras\u0131nda yer almaktad\u0131r.","inLanguage":"tr-TR","publisher":{"@id":"https:\/\/www.enka.com\/tr\/#organization"}}]},"og:locale":"tr_TR","og:site_name":"ENKA \u0130n\u015faat ve Sanayi A.\u015e.","og:type":"article","og:title":"Gen\u00e7 y\u00fcz\u00fcc\u00fcm\u00fcz Merve Tuncel 1500m Serbest\u2019te 15:45.29 dk\u2019l\u0131k derecesi ile K\u0131sa Kulvar D\u00fcnya Gen\u00e7ler Rekorunu k\u0131rm\u0131\u015ft\u0131r | ENKA \u0130n\u015faat ve Sanayi A.\u015e.","og:description":"Gen\u00e7 y\u00fcz\u00fcc\u00fcm\u00fcz Merve Tuncel, Tu\u0308rkiye Arena Kulu\u0308pler Aras\u0131 K\u0131sa Kulvar Genc\u0327 ve Ac\u0327\u0131k Yas\u0327 Yu\u0308zme S\u0327ampiyonas\u0131 - Y\u0131ld\u0131zlar Bireysel Yu\u0308zme Mu\u0308sabakalar\u0131'nda, 1500m Serbest'te ger\u00e7ekle\u015ftirmi\u015f oldu\u011fu 15:45.29 dk'l\u0131k derecesi ile K\u0131sa Kulvar D\u00fcnya Gen\u00e7ler Rekorunu k\u0131rm\u0131\u015ft\u0131r.","og:url":"https:\/\/www.enka.com\/tr\/genc-yuzucumuz-merve-tuncel-1500m-serbestte-1545-29-dklik-derecesi-ile-kisa-kulvar-dunya-gencler-rekorunu-kirmistir\/","fb:admins":"334532790084532","article:published_time":"2020-12-23T15:28:16+00:00","article:modified_time":"2023-02-01T13:34:45+00:00","article:publisher":"https:\/\/www.facebook.com\/enkaconstruction\/","twitter:card":"summary_large_image","twitter:site":"@ENKA_Cons","twitter:title":"Gen\u00e7 y\u00fcz\u00fcc\u00fcm\u00fcz Merve Tuncel 1500m Serbest\u2019te 15:45.29 dk\u2019l\u0131k derecesi ile K\u0131sa Kulvar D\u00fcnya Gen\u00e7ler Rekorunu k\u0131rm\u0131\u015ft\u0131r | ENKA \u0130n\u015faat ve Sanayi A.\u015e.","twitter:description":"Gen\u00e7 y\u00fcz\u00fcc\u00fcm\u00fcz Merve Tuncel, Tu\u0308rkiye Arena Kulu\u0308pler Aras\u0131 K\u0131sa Kulvar Genc\u0327 ve Ac\u0327\u0131k Yas\u0327 Yu\u0308zme S\u0327ampiyonas\u0131 - Y\u0131ld\u0131zlar Bireysel Yu\u0308zme Mu\u0308sabakalar\u0131'nda, 1500m Serbest'te ger\u00e7ekle\u015ftirmi\u015f oldu\u011fu 15:45.29 dk'l\u0131k derecesi ile K\u0131sa Kulvar D\u00fcnya Gen\u00e7ler Rekorunu k\u0131rm\u0131\u015ft\u0131r."},"aioseo_meta_data":{"post_id":"70269","title":"#post_title #separator_sa #site_title","description":"Gen\u00e7 y\u00fcz\u00fcc\u00fcm\u00fcz Merve Tuncel, Tu\u0308rkiye Arena Kulu\u0308pler Aras\u0131 K\u0131sa Kulvar Genc\u0327 ve Ac\u0327\u0131k Yas\u0327 Yu\u0308zme S\u0327ampiyonas\u0131 - Y\u0131ld\u0131zlar Bireysel Yu\u0308zme Mu\u0308sabakalar\u0131'nda, 1500m Serbest'te ger\u00e7ekle\u015ftirmi\u015f oldu\u011fu 15:45.29 dk'l\u0131k derecesi ile K\u0131sa Kulvar D\u00fcnya Gen\u00e7ler Rekorunu k\u0131rm\u0131\u015ft\u0131r.","keywords":[],"keyphrases":{"focus":{"keyphrase":"","score":0,"analysis":{"keyphraseInTitle":{"score":0,"maxScore":9,"error":1}}},"additional":[]},"primary_term":null,"canonical_url":null,"og_title":null,"og_description":null,"og_object_type":"article","og_image_type":"default","og_image_url":null,"og_image_width":null,"og_image_height":null,"og_image_custom_url":null,"og_image_custom_fields":null,"og_video":"","og_custom_url":null,"og_article_section":null,"og_article_tags":[],"twitter_use_og":false,"twitter_card":"summary_large_image","twitter_image_type":"default","twitter_image_url":null,"twitter_image_custom_url":null,"twitter_image_custom_fields":null,"twitter_title":null,"twitter_description":null,"schema":{"blockGraphs":[],"customGraphs":[],"default":{"data":{"Article":{"id":"aioseo-article-6388d91d9e86a","slug":"article","graphName":"Article","label":"Makale","properties":{"type":"BlogPosting","name":"#post_title","headline":"#post_title","description":"#post_excerpt","image":"","keywords":"","author":{"name":"#author_name","url":"#author_url"},"dates":{"include":true,"datePublished":"","dateModified":""}}},"Course":[],"Dataset":[],"FAQPage":[],"Movie":[],"Person":[],"Product":[],"ProductReview":[],"Car":[],"Recipe":[],"Service":[],"SoftwareApplication":[],"WebPage":[]},"graphName":"Article","isEnabled":true},"graphs":[]},"schema_type":"default","schema_type_options":"{\"article\":{\"articleType\":\"BlogPosting\"},\"course\":{\"name\":\"\",\"description\":\"\",\"provider\":\"\"},\"faq\":{\"pages\":[]},\"product\":{\"reviews\":[]},\"recipe\":{\"ingredients\":[],\"instructions\":[],\"keywords\":[]},\"software\":{\"reviews\":[],\"operatingSystems\":[]},\"webPage\":{\"webPageType\":\"WebPage\"}}","pillar_content":false,"robots_default":true,"robots_noindex":false,"robots_noarchive":false,"robots_nosnippet":false,"robots_nofollow":false,"robots_noimageindex":false,"robots_noodp":false,"robots_notranslate":false,"robots_max_snippet":"-1","robots_max_videopreview":"-1","robots_max_imagepreview":"large","priority":null,"frequency":"default","local_seo":null,"breadcrumb_settings":null,"limit_modified_date":false,"open_ai":null,"created":"2021-02-02 08:45:29","updated":"2026-05-14 11:55:43","ai":null,"seo_analyzer_scan_date":null,"focus_keyword":null,"additional_keywords":null,"truseo_locale":null},"acf":[],"_links":{"self":[{"href":"https:\/\/www.enka.com\/tr\/wp-json\/wp\/v2\/posts\/70269","targetHints":{"allow":["GET"]}}],"collection":[{"href":"https:\/\/www.enka.com\/tr\/wp-json\/wp\/v2\/posts"}],"about":[{"href":"https:\/\/www.enka.com\/tr\/wp-json\/wp\/v2\/types\/post"}],"author":[{"embeddable":true,"href":"https:\/\/www.enka.com\/tr\/wp-json\/wp\/v2\/users\/29"}],"replies":[{"embeddable":true,"href":"https:\/\/www.enka.com\/tr\/wp-json\/wp\/v2\/comments?post=70269"}],"version-history":[{"count":0,"href":"https:\/\/www.enka.com\/tr\/wp-json\/wp\/v2\/posts\/70269\/revisions"}],"wp:featuredmedia":[{"embeddable":true,"href":"https:\/\/www.enka.com\/tr\/wp-json\/wp\/v2\/media\/70265"}],"wp:attachment":[{"href":"https:\/\/www.enka.com\/tr\/wp-json\/wp\/v2\/media?parent=70269"}],"wp:term":[{"taxonomy":"category","embeddable":true,"href":"https:\/\/www.enka.com\/tr\/wp-json\/wp\/v2\/categories?post=70269"},{"taxonomy":"post_tag","embeddable":true,"href":"https:\/\/www.enka.com\/tr\/wp-json\/wp\/v2\/tags?post=70269"}],"curies":[{"name":"wp","href":"https:\/\/api.w.org\/{rel}","templated":true}]}}