{"id":80364,"date":"2023-05-18T16:09:19","date_gmt":"2023-05-18T13:09:19","guid":{"rendered":"https:\/\/www.enka.com\/sarik-tara-and-ataturk-commemoration-youth-cup-sailing-races\/"},"modified":"2023-05-18T16:12:24","modified_gmt":"2023-05-18T13:12:24","slug":"gocek-ilkbahar-yaris-haftasi-sarik-tara-ve-ataturku-anma-genclik-kupasi","status":"publish","type":"post","link":"https:\/\/www.enka.com\/tr\/gocek-ilkbahar-yaris-haftasi-sarik-tara-ve-ataturku-anma-genclik-kupasi\/","title":{"rendered":"G\u00f6cek \u0130lkbahar Yar\u0131\u015f Haftas\u0131, \u015ear\u0131k Tara ve Atat\u00fcrk&#8217;\u00fc Anma Gen\u00e7lik Kupas\u0131"},"content":{"rendered":"<p style=\"text-align: justify;\"><div class=\"clearfix\" style=\"height: 10px\"><\/div>Mu\u011fla&#8217;da G\u00f6cek Yat Kul\u00fcb\u00fc (GYK) taraf\u0131ndan d\u00fczenlenen G\u00f6cek \u0130lkbahar Yar\u0131\u015f Haftas\u0131, \u015ear\u0131k Tara ve Atat\u00fcrk&#8217;\u00fc Anma Gen\u00e7lik Kupas\u0131 Yelken Yar\u0131\u015flar\u0131&#8217;n\u0131n start\u0131 verildi. Fethiye K\u00f6rfezi ve G\u00f6cek koylar\u0131n\u0131 kapsayan 6 m\u00fccadeleden olu\u015fan yar\u0131\u015flara 19 \u00fclkeden 69 teknede 528 sporcu kat\u0131l\u0131yor. Organizasyon, G\u00f6cek Koyu&#8217;ndan \u00fc\u00e7gen rotadaki \u015famand\u0131ra yar\u0131\u015f\u0131yla ba\u015flad\u0131. Yar\u0131\u015flardan elde edilen gelirin; b\u00f6lgedeki \u00e7ocuklar\u0131 yelken sporuyla bulu\u015fturmak i\u00e7in kullan\u0131ld\u0131\u011f\u0131 etkinlikte, kat\u0131l\u0131m g\u00f6steren tak\u0131mlar\u0131n say\u0131s\u0131 her ge\u00e7en sene art\u0131yor. ENKA Yelken ba\u015fta olmak \u00fczere kat\u0131l\u0131m g\u00f6steren t\u00fcm sporculara ba\u015far\u0131lar diliyoruz. Pruvan\u0131z neta, r\u00fczgar\u0131n\u0131z kolay\u0131na, denizleriniz\u00a0sakin\u00a0olsun!<\/p>\n","protected":false},"excerpt":{"rendered":"<p>Mu\u011fla&#8217;da G\u00f6cek Yat Kul\u00fcb\u00fc (GYK) taraf\u0131ndan d\u00fczenlenen G\u00f6cek \u0130lkbahar Yar\u0131\u015f Haftas\u0131, \u015ear\u0131k Tara ve Atat\u00fcrk&#8217;\u00fc Anma Gen\u00e7lik Kupas\u0131 Yelken Yar\u0131\u015flar\u0131&#8217;n\u0131n start\u0131 verildi. Fethiye K\u00f6rfezi ve G\u00f6cek koylar\u0131n\u0131 kapsayan 6 m\u00fccadeleden olu\u015fan yar\u0131\u015flara 19 \u00fclkeden 69 teknede 528 sporcu kat\u0131l\u0131yor. Organizasyon, G\u00f6cek Koyu&#8217;ndan \u00fc\u00e7gen rotadaki \u015famand\u0131ra yar\u0131\u015f\u0131yla ba\u015flad\u0131. Yar\u0131\u015flardan elde edilen gelirin; b\u00f6lgedeki \u00e7ocuklar\u0131 yelken sporuyla <a class=\"more-link\" href=\"https:\/\/www.enka.com\/tr\/gocek-ilkbahar-yaris-haftasi-sarik-tara-ve-ataturku-anma-genclik-kupasi\/\">Continue reading <i class=\"fa fa-chevron-right\"><\/i><\/a><\/p>\n","protected":false},"author":26,"featured_media":80361,"comment_status":"closed","ping_status":"closed","sticky":false,"template":"","format":"standard","meta":{"_acf_changed":false,"footnotes":""},"categories":[625,630],"tags":[],"class_list":["post-80364","post","type-post","status-publish","format-standard","has-post-thumbnail","hentry","category-genel","category-enka-spor"],"aioseo_notices":[],"acf":[],"_links":{"self":[{"href":"https:\/\/www.enka.com\/tr\/wp-json\/wp\/v2\/posts\/80364","targetHints":{"allow":["GET"]}}],"collection":[{"href":"https:\/\/www.enka.com\/tr\/wp-json\/wp\/v2\/posts"}],"about":[{"href":"https:\/\/www.enka.com\/tr\/wp-json\/wp\/v2\/types\/post"}],"author":[{"embeddable":true,"href":"https:\/\/www.enka.com\/tr\/wp-json\/wp\/v2\/users\/26"}],"replies":[{"embeddable":true,"href":"https:\/\/www.enka.com\/tr\/wp-json\/wp\/v2\/comments?post=80364"}],"version-history":[{"count":0,"href":"https:\/\/www.enka.com\/tr\/wp-json\/wp\/v2\/posts\/80364\/revisions"}],"wp:featuredmedia":[{"embeddable":true,"href":"https:\/\/www.enka.com\/tr\/wp-json\/wp\/v2\/media\/80361"}],"wp:attachment":[{"href":"https:\/\/www.enka.com\/tr\/wp-json\/wp\/v2\/media?parent=80364"}],"wp:term":[{"taxonomy":"category","embeddable":true,"href":"https:\/\/www.enka.com\/tr\/wp-json\/wp\/v2\/categories?post=80364"},{"taxonomy":"post_tag","embeddable":true,"href":"https:\/\/www.enka.com\/tr\/wp-json\/wp\/v2\/tags?post=80364"}],"curies":[{"name":"wp","href":"https:\/\/api.w.org\/{rel}","templated":true}]}}