{"id":83357,"date":"2023-10-13T11:13:58","date_gmt":"2023-10-13T08:13:58","guid":{"rendered":"https:\/\/www.enka.com\/100th-anniversary-of-the-turkish-republic\/"},"modified":"2023-10-13T11:32:36","modified_gmt":"2023-10-13T08:32:36","slug":"cumhuriyetimizin-100-yili-kutlu-olsun","status":"publish","type":"post","link":"https:\/\/www.enka.com\/tr\/cumhuriyetimizin-100-yili-kutlu-olsun\/","title":{"rendered":"Cumhuriyetimizin 100. Y\u0131l\u0131 Kutlu\u00a0Olsun!"},"content":{"rendered":"<p style=\"text-align: justify;\"><div class=\"clearfix\" style=\"height: 10px\"><\/div>29 Ekim 2023 tarihinde, T\u00fcrkiye Cumhuriyeti&#8217;nin 100. y\u0131l\u0131n\u0131 gurur ve co\u015fkuyla kutlayaca\u011f\u0131z. Cumhuriyetimizin 100. Y\u0131l\u0131, tarihimizde \u00e7ok \u00f6nemli bir mihenk ta\u015f\u0131 olarak yerini alacakt\u0131r.<\/p>\n<p style=\"text-align: justify;\">ENKA, 66 y\u0131l\u0131 a\u015fk\u0131n bir s\u00fcredir, T\u00fcrk m\u00fchendislik ve in\u015faat alan\u0131ndaki \u00fcst\u00fcn ba\u015far\u0131lar\u0131n sembol\u00fc olmu\u015f, ulusal ve uluslararas\u0131 arenada \u00fclkemizi temsil etmi\u015ftir.<\/p>\n<p style=\"text-align: justify;\">Yolculu\u011fumuz, Cumhuriyetimizin kurucusu Mustafa Kemal Atat\u00fcrk&#8217;\u00fcn vizyonu ve Cumhuriyetimizin ideallerinden ald\u0131\u011f\u0131m\u0131z g\u00fc\u00e7le ba\u015flam\u0131\u015ft\u0131r. Bu g\u00fc\u00e7le, kuruldu\u011fumuz tarihten bu yana, i\u015ftiraklerimizle birlikte 2.000&#8217;den fazla projeyi ba\u015far\u0131 ile tamamlad\u0131k. Cumhuriyetimize ba\u011fl\u0131l\u0131kla ger\u00e7ekle\u015ftirdi\u011fimiz t\u00fcm \u00e7al\u0131\u015fmalar\u0131m\u0131z, faaliyet g\u00f6sterdi\u011fimiz \u00fclkelerin b\u00fcy\u00fcmesine ve geli\u015fmesine de \u00f6nemli katk\u0131lar sa\u011flam\u0131\u015ft\u0131r.<\/p>\n<p style=\"text-align: justify;\">\u0130mza projelerimiz, \u00fclkemizdeki ekonomik ve sosyal ilerlemenin de itici g\u00fcc\u00fc olmu\u015f; b\u00fcy\u00fcme, inovasyon, refah i\u00e7in yol a\u00e7m\u0131\u015f ve Atat\u00fcrk&#8217;\u00fcn, \u00fclkemizin gelece\u011fi i\u00e7in \u00e7izdi\u011fi vizyonu yans\u0131tm\u0131\u015ft\u0131r.<\/p>\n<p style=\"text-align: justify;\">ENKA&#8217;n\u0131n topluma olan etkisi, in\u015faat faliyetlerinin \u00f6tesinde; e\u011fitim, spor, k\u00fclt\u00fcr ve sanat alanlar\u0131na uzanmakta ve Atat\u00fcrk&#8217;\u00fcn bilgili ve ayd\u0131n bir toplum yaratma arzusu ile uyum sa\u011flamaktad\u0131r. Bu ama\u00e7 do\u011frultusunda, ENKA Vakf\u0131, ENKA Spor Kul\u00fcb\u00fc, ENKA Okullar\u0131 ve ENKA Sanat arac\u0131l\u0131\u011f\u0131yla, ayd\u0131n toplum idealini benimseyen gelecek nesilleri yeti\u015ftirmeye devam ediyoruz.<\/p>\n<p style=\"text-align: justify;\">Bug\u00fcn binlerce \u00f6\u011frencinin ileri bilimsel metotlarla \u00f6\u011frenim g\u00f6rd\u00fc\u011f\u00fc ENKA Okullar\u0131&#8217;nda, Atat\u00fcrk&#8217;\u00fcn \u00f6ng\u00f6rd\u00fc\u011f\u00fc gibi fikri, vicdan\u0131 ve irfan\u0131 h\u00fcr nesiller yeti\u015ftirmeye kendimizi adad\u0131k.<\/p>\n<p style=\"text-align: justify;\">ENKA Spor Kul\u00fcb\u00fc, sporda m\u00fckemmeliyet yakla\u015f\u0131m\u0131 ile \u00e7al\u0131\u015fmalar\u0131n\u0131 s\u00fcrd\u00fcrmekte ve uluslararas\u0131 arenada \u00f6nemli ba\u015far\u0131lar elde eden gen\u00e7 yetenekleri yeti\u015ftirmeye devam etmektedir. Bu do\u011frultuda, ENKA Spor Kul\u00fcb\u00fc toplamda 76 sporcu ile Olimpiyatlarda T\u00fcrkiye&#8217;yi temsil etme ayr\u0131cal\u0131\u011f\u0131na ula\u015fm\u0131\u015ft\u0131r.<\/p>\n<p style=\"text-align: justify;\">ENKA Sanat, sanat\u00e7\u0131lara ve gelece\u011fin yeteneklerine kap\u0131lar\u0131n\u0131 a\u00e7arak, k\u00fclt\u00fcr ve sanat kavramlar\u0131n\u0131n s\u00fcreklili\u011fine hizmet etmekte, gen\u00e7 ve ba\u015far\u0131l\u0131 yetenekleri topluma kazand\u0131rmaktad\u0131r.<\/p>\n<p style=\"text-align: justify;\">Bu anlaml\u0131 g\u00fcne yakla\u015f\u0131rken, ENKA ailesinin t\u00fcm \u00fcyelerini, Cumhuriyete adanm\u0131\u015f, dayan\u0131kl\u0131l\u0131k ve geli\u015fimle ge\u00e7en bir y\u00fczy\u0131l\u0131 kutlamaya davet ediyoruz. Hep birlikte, \u00fclkemize ve d\u00fcnyaya \u00f6nc\u00fcl\u00fck etmeye ve katk\u0131da bulunmaya devam edece\u011fimiz bir gelece\u011fe odaklanaca\u011f\u0131z.<\/p>\n<p style=\"text-align: justify;\">Cumhuriyetimizin yakla\u015fan y\u00fczy\u0131l\u0131nda da, kendimizi Atat\u00fcrk&#8217;\u00fcn miras\u0131n\u0131 korumaya adayarak, ayd\u0131nl\u0131k ve s\u00fcrd\u00fcr\u00fclebilir bir gelecek i\u00e7in \u00e7al\u0131\u015fmaya devam edece\u011fiz.<\/p>\n<p style=\"text-align: justify;\">29 Ekim Cumhuriyet Bayram\u0131m\u0131z kutlu olsun!<\/p>\n","protected":false},"excerpt":{"rendered":"<p>29 Ekim 2023 tarihinde, T\u00fcrkiye Cumhuriyeti&#8217;nin 100. y\u0131l\u0131n\u0131 gurur ve co\u015fkuyla kutlayaca\u011f\u0131z. Cumhuriyetimizin 100. Y\u0131l\u0131, tarihimizde \u00e7ok \u00f6nemli bir mihenk ta\u015f\u0131 olarak yerini alacakt\u0131r. ENKA, 66 y\u0131l\u0131 a\u015fk\u0131n bir s\u00fcredir, T\u00fcrk m\u00fchendislik ve in\u015faat alan\u0131ndaki \u00fcst\u00fcn ba\u015far\u0131lar\u0131n sembol\u00fc olmu\u015f, ulusal ve uluslararas\u0131 arenada \u00fclkemizi temsil etmi\u015ftir. Yolculu\u011fumuz, Cumhuriyetimizin kurucusu Mustafa Kemal Atat\u00fcrk&#8217;\u00fcn vizyonu ve Cumhuriyetimizin <a class=\"more-link\" href=\"https:\/\/www.enka.com\/tr\/cumhuriyetimizin-100-yili-kutlu-olsun\/\">Continue reading <i class=\"fa fa-chevron-right\"><\/i><\/a><\/p>\n","protected":false},"author":26,"featured_media":83354,"comment_status":"closed","ping_status":"closed","sticky":false,"template":"","format":"video","meta":{"_acf_changed":false,"footnotes":""},"categories":[625],"tags":[],"class_list":["post-83357","post","type-post","status-publish","format-video","has-post-thumbnail","hentry","category-genel","post_format-post-format-video"],"aioseo_notices":[],"acf":[],"_links":{"self":[{"href":"https:\/\/www.enka.com\/tr\/wp-json\/wp\/v2\/posts\/83357","targetHints":{"allow":["GET"]}}],"collection":[{"href":"https:\/\/www.enka.com\/tr\/wp-json\/wp\/v2\/posts"}],"about":[{"href":"https:\/\/www.enka.com\/tr\/wp-json\/wp\/v2\/types\/post"}],"author":[{"embeddable":true,"href":"https:\/\/www.enka.com\/tr\/wp-json\/wp\/v2\/users\/26"}],"replies":[{"embeddable":true,"href":"https:\/\/www.enka.com\/tr\/wp-json\/wp\/v2\/comments?post=83357"}],"version-history":[{"count":0,"href":"https:\/\/www.enka.com\/tr\/wp-json\/wp\/v2\/posts\/83357\/revisions"}],"wp:featuredmedia":[{"embeddable":true,"href":"https:\/\/www.enka.com\/tr\/wp-json\/wp\/v2\/media\/83354"}],"wp:attachment":[{"href":"https:\/\/www.enka.com\/tr\/wp-json\/wp\/v2\/media?parent=83357"}],"wp:term":[{"taxonomy":"category","embeddable":true,"href":"https:\/\/www.enka.com\/tr\/wp-json\/wp\/v2\/categories?post=83357"},{"taxonomy":"post_tag","embeddable":true,"href":"https:\/\/www.enka.com\/tr\/wp-json\/wp\/v2\/tags?post=83357"}],"curies":[{"name":"wp","href":"https:\/\/api.w.org\/{rel}","templated":true}]}}