{"id":84914,"date":"2024-08-09T09:08:21","date_gmt":"2024-08-09T06:08:21","guid":{"rendered":"https:\/\/www.enka.com\/corridors-8-10d-motorway-project-in-north-macedonia\/"},"modified":"2024-10-02T09:49:28","modified_gmt":"2024-10-02T06:49:28","slug":"kuzey-makedonya-koridor-8-10d-otoyolu-projesinin-temmuz-2024-itibariyla-ilerlemesi","status":"publish","type":"post","link":"https:\/\/www.enka.com\/tr\/kuzey-makedonya-koridor-8-10d-otoyolu-projesinin-temmuz-2024-itibariyla-ilerlemesi\/","title":{"rendered":"Kuzey Makedonya Koridor 8 &#038; 10d Otoyolu Projesinin Temmuz 2024 itibar\u0131yla \u0130lerlemesi"},"content":{"rendered":"<p style=\"text-align: justify;\"><div class=\"clearfix\" style=\"height: 10px\"><\/div>Kuzey Makedonya Koridor 8 &amp; 10d Otoyolu Projesi, ENKA &#8211; Bechtel ortak \u00e7abalar\u0131yla ilerlemektedir. Alt y\u00fckleniciler de dahil olmak \u00fczere 1.000&#8217;den fazla ki\u015fi projenin farkl\u0131 alanlar\u0131nda aktif olarak \u00e7al\u0131\u015fmaktad\u0131r.<\/p>\n<p style=\"text-align: justify;\">1.Kesim\u2019de, hem bina montaj\u0131 hem de altyap\u0131 in\u015faat\u0131 dahil olmak \u00fczere konaklama kamp\u0131n\u0131n in\u015faat\u0131 devam etmektedir.<\/p>\n<p style=\"text-align: justify;\">2.Kesim\u2019de, toprak i\u015fleri kapsam\u0131nda, kaz\u0131, delme \u2013 patlatma ve bu operasyonlardan elde edilen malzemelerin 1. Kesim\u2019e ta\u015f\u0131nmas\u0131; k\u0131rma \u2013 eleme tesisinin in\u015faat\u0131 i\u00e7in kaz\u0131 \u2013 dolgu ve otoyol g\u00fczergah\u0131 \u00fczerindeki kaz\u0131 \u2013 dolgu i\u015flerine ba\u015flanm\u0131\u015ft\u0131r.<\/p>\n<p style=\"text-align: justify;\">Yap\u0131 imalat\u0131 kapsam\u0131nda k\u00f6pr\u00fc kaz\u0131k ve k\u00f6pr\u00fc temel imalat\u0131 i\u015flerine devam edilmektedir. Bu kesimdeki beton santrali de kullan\u0131ma al\u0131nm\u0131\u015ft\u0131r.<\/p>\n<p style=\"text-align: justify;\">Kesim\u2019de, toprak i\u015fleri kapsam\u0131nda kaz\u0131, delme \u2013 patlatma ve bu operasyonlardan elde edilen malzemelerin ge\u00e7ici tesis in\u015faatlar\u0131nda kullan\u0131lmak \u00fczere ta\u015f\u0131nmas\u0131, konaklama kamp\u0131 ve beton santrali toprak i\u015flerine ba\u015flanm\u0131\u015ft\u0131r.<\/p>\n<p style=\"text-align: justify;\">Otoyol g\u00fczergah\u0131n\u0131n in\u015faat\u0131 i\u00e7in trafik y\u00f6netim plan\u0131 dahilinde trafi\u011fin aktar\u0131laca\u011f\u0131 yolun iyile\u015ftirme ve geli\u015ftirme \u00e7al\u0131\u015fmalar\u0131na da ba\u015flanm\u0131\u015ft\u0131r.<\/p>\n<p style=\"text-align: justify;\">Kesim dahilinde, Kuzey Makedonya resmi makamlar\u0131yla birlikte, patlamam\u0131\u015f m\u00fchimmat olarak tan\u0131mlanan malzemelerin proje sahas\u0131nda tespiti ve temizlenmesi \u00e7al\u0131\u015fmalar\u0131 s\u00fcrmektedir.<\/p>\n<p style=\"text-align: justify;\">Temmuz 2024 sonu itibar\u0131yla projede kay\u0131p zamanl\u0131 kaza olmadan en y\u00fcksek 511 g\u00fcne ve 1.368.637 insan-saat\u2019e ula\u015f\u0131lm\u0131\u015ft\u0131r.<\/p>\n","protected":false},"excerpt":{"rendered":"<p>Kuzey Makedonya Koridor 8 &amp; 10d Otoyolu Projesi, ENKA &#8211; Bechtel ortak \u00e7abalar\u0131yla ilerlemektedir. Alt y\u00fckleniciler de dahil olmak \u00fczere 1.000&#8217;den fazla ki\u015fi projenin farkl\u0131 alanlar\u0131nda aktif olarak \u00e7al\u0131\u015fmaktad\u0131r. 1.Kesim\u2019de, hem bina montaj\u0131 hem de altyap\u0131 in\u015faat\u0131 dahil olmak \u00fczere konaklama kamp\u0131n\u0131n in\u015faat\u0131 devam etmektedir. 2.Kesim\u2019de, toprak i\u015fleri kapsam\u0131nda, kaz\u0131, delme \u2013 patlatma ve bu <a class=\"more-link\" href=\"https:\/\/www.enka.com\/tr\/kuzey-makedonya-koridor-8-10d-otoyolu-projesinin-temmuz-2024-itibariyla-ilerlemesi\/\">Continue reading <i class=\"fa fa-chevron-right\"><\/i><\/a><\/p>\n","protected":false},"author":26,"featured_media":84911,"comment_status":"closed","ping_status":"closed","sticky":false,"template":"","format":"standard","meta":{"_acf_changed":false,"footnotes":""},"categories":[621],"tags":[],"class_list":["post-84914","post","type-post","status-publish","format-standard","has-post-thumbnail","hentry","category-altyapi-ve-madencilik"],"aioseo_notices":[],"acf":[],"_links":{"self":[{"href":"https:\/\/www.enka.com\/tr\/wp-json\/wp\/v2\/posts\/84914","targetHints":{"allow":["GET"]}}],"collection":[{"href":"https:\/\/www.enka.com\/tr\/wp-json\/wp\/v2\/posts"}],"about":[{"href":"https:\/\/www.enka.com\/tr\/wp-json\/wp\/v2\/types\/post"}],"author":[{"embeddable":true,"href":"https:\/\/www.enka.com\/tr\/wp-json\/wp\/v2\/users\/26"}],"replies":[{"embeddable":true,"href":"https:\/\/www.enka.com\/tr\/wp-json\/wp\/v2\/comments?post=84914"}],"version-history":[{"count":0,"href":"https:\/\/www.enka.com\/tr\/wp-json\/wp\/v2\/posts\/84914\/revisions"}],"wp:featuredmedia":[{"embeddable":true,"href":"https:\/\/www.enka.com\/tr\/wp-json\/wp\/v2\/media\/84911"}],"wp:attachment":[{"href":"https:\/\/www.enka.com\/tr\/wp-json\/wp\/v2\/media?parent=84914"}],"wp:term":[{"taxonomy":"category","embeddable":true,"href":"https:\/\/www.enka.com\/tr\/wp-json\/wp\/v2\/categories?post=84914"},{"taxonomy":"post_tag","embeddable":true,"href":"https:\/\/www.enka.com\/tr\/wp-json\/wp\/v2\/tags?post=84914"}],"curies":[{"name":"wp","href":"https:\/\/api.w.org\/{rel}","templated":true}]}}