{"id":90182,"date":"2026-08-12T15:55:31","date_gmt":"2026-08-12T12:55:31","guid":{"rendered":"https:\/\/www.enka.com\/progress-of-the-istanbul-tuzla-data-center-project\/"},"modified":"2026-08-12T15:59:14","modified_gmt":"2026-08-12T12:59:14","slug":"istanbul-tuzla-veri-merkezi-projesinin-ilerlemesi-2","status":"publish","type":"post","link":"https:\/\/www.enka.com\/tr\/istanbul-tuzla-veri-merkezi-projesinin-ilerlemesi-2\/","title":{"rendered":"\u0130stanbul Tuzla Veri Merkezi Projesinin \u0130lerlemesi"},"content":{"rendered":"<div class=\"clearfix\" style=\"height: 20px\"><\/div>\n<p style=\"text-align: justify;\">ENKA olarak \u0130stanbul Tuzla Veri Merkezimizde \u00e7al\u0131\u015fmalar\u0131n planland\u0131\u011f\u0131 \u015fekilde ilerlemeye devam etti\u011fini ve proje operasyonel haz\u0131rl\u0131k s\u00fcrecinde \u00f6nemli bir a\u015famaya yakla\u015ft\u0131\u011f\u0131n\u0131 payla\u015fmaktan memnuniyet duyuyoruz.<\/p>\n<p style=\"text-align: justify;\">Ana bina ile t\u00fcm yard\u0131mc\u0131 yap\u0131lar\u0131n kaba in\u015faat \u00e7al\u0131\u015fmalar\u0131 tamamlanm\u0131\u015f olup, cephe uygulamalar\u0131, mimari i\u00e7 mek\u00e2n imalatlar\u0131 ve saha altyap\u0131 \u00e7al\u0131\u015fmalar\u0131, operasyonel haz\u0131rl\u0131k s\u00fcreci do\u011frultusunda e\u015f zamanl\u0131 olarak ilerlemektedir. Mekanik, elektrik ve s\u0131hhi tesisat (MEP) imalatlar\u0131, kritik sistem ekipmanlar\u0131n\u0131n montaj\u0131yla birlikte devam ederken, mekanik test faaliyetleri de ba\u015flam\u0131\u015ft\u0131r.<\/p>\n<p style=\"text-align: justify;\">\u0130\u00e7 mek\u00e2n imalatlar\u0131 ve ekipman kurulumlar\u0131 s\u00fcrmekte, proje operasyonel haz\u0131rl\u0131\u011f\u0131n bir sonraki a\u015famas\u0131na istikrarl\u0131 \u015fekilde ilerlemektedir.<\/p>\n<p style=\"text-align: justify;\">Orta gerilim testleri ba\u015far\u0131yla tamamlan\u0131rken, Seviye 2 commissioning walkdown s\u00fcre\u00e7leri, mekanik sistem flushing \u00e7al\u0131\u015fmalar\u0131 ve commissioning faaliyetleri planland\u0131\u011f\u0131 \u015fekilde devam etmektedir. Backfeed energization ve ekipman commissioning \u00e7al\u0131\u015fmalar\u0131n\u0131n ise A\u011fustos ay\u0131 ortas\u0131nda ba\u015flamas\u0131 planlanmaktad\u0131r.<\/p>\n<p style=\"text-align: justify;\">Tamamlanan her a\u015fama, ENKA&#8217;n\u0131n m\u00fchendislik standartlar\u0131 ile kalite, g\u00fcvenlik ve operasyonel m\u00fckemmellik anlay\u0131\u015f\u0131 do\u011frultusunda geli\u015ftirilen, dayan\u0131kl\u0131 ve carrier-neutral dijital altyap\u0131n\u0131n hayata ge\u00e7irilmesine bir ad\u0131m daha yakla\u015ft\u0131r\u0131yor.<\/p>\n","protected":false},"excerpt":{"rendered":"<p>ENKA olarak \u0130stanbul Tuzla Veri Merkezimizde \u00e7al\u0131\u015fmalar\u0131n planland\u0131\u011f\u0131 \u015fekilde ilerlemeye devam etti\u011fini ve proje operasyonel haz\u0131rl\u0131k s\u00fcrecinde \u00f6nemli bir a\u015famaya yakla\u015ft\u0131\u011f\u0131n\u0131 payla\u015fmaktan memnuniyet duyuyoruz. Ana bina ile t\u00fcm yard\u0131mc\u0131 yap\u0131lar\u0131n kaba in\u015faat \u00e7al\u0131\u015fmalar\u0131 tamamlanm\u0131\u015f olup, cephe uygulamalar\u0131, mimari i\u00e7 mek\u00e2n imalatlar\u0131 ve saha altyap\u0131 \u00e7al\u0131\u015fmalar\u0131, operasyonel haz\u0131rl\u0131k s\u00fcreci do\u011frultusunda e\u015f zamanl\u0131 olarak ilerlemektedir. Mekanik, elektrik <a class=\"more-link\" href=\"https:\/\/www.enka.com\/tr\/istanbul-tuzla-veri-merkezi-projesinin-ilerlemesi-2\/\">Continue reading <i class=\"fa fa-chevron-right\"><\/i><\/a><\/p>\n","protected":false},"author":26,"featured_media":90183,"comment_status":"closed","ping_status":"closed","sticky":false,"template":"","format":"standard","meta":{"_acf_changed":false,"footnotes":""},"categories":[14973],"tags":[],"class_list":["post-90182","post","type-post","status-publish","format-standard","has-post-thumbnail","hentry","category-data-centers"],"aioseo_notices":[],"aioseo_head":"\n\t\t<!-- All in One SEO 5.0.1.1 - aioseo.com -->\n\t<meta name=\"robots\" content=\"max-image-preview:large\" \/>\n\t<meta name=\"author\" content=\"Marina Suer\"\/>\n\t<meta name=\"google-site-verification\" content=\"UQ-k7hcOVZluZene7_iGgI7iewEm4fFqYkW4KY9-n28\" \/>\n\t<meta name=\"p:domain_verify\" content=\"61890147e937e076e1c5dfdd6aeed81a\" \/>\n\t<meta name=\"yandex-verification\" content=\"5d2561526cb84137\" \/>\n\t<link rel=\"canonical\" href=\"https:\/\/www.enka.com\/tr\/istanbul-tuzla-veri-merkezi-projesinin-ilerlemesi-2\/\" \/>\n\t<meta name=\"generator\" content=\"All in One SEO (AIOSEO) 5.0.1.1\" \/>\n\n\t\t<!-- Google tag (gtag.js) -->\n<script async src=\"https:\/\/www.googletagmanager.com\/gtag\/js?id=G-NQHTTC6MQB\"><\/script>\n<script>\n  window.dataLayer = window.dataLayer || [];\n  function gtag(){dataLayer.push(arguments);}\n  gtag('js', new Date());\n\n  gtag('config', 'G-NQHTTC6MQB');\n<\/script>\n\t\t<meta property=\"og:locale\" content=\"tr_TR\" \/>\n\t\t<meta property=\"og:site_name\" content=\"ENKA \u0130n\u015faat ve Sanayi A.\u015e.\" \/>\n\t\t<meta property=\"og:type\" content=\"article\" \/>\n\t\t<meta property=\"og:title\" content=\"\u0130stanbul Tuzla Veri Merkezi Projesinin \u0130lerlemesi | ENKA \u0130n\u015faat ve Sanayi A.\u015e.\" \/>\n\t\t<meta property=\"og:url\" content=\"https:\/\/www.enka.com\/tr\/istanbul-tuzla-veri-merkezi-projesinin-ilerlemesi-2\/\" \/>\n\t\t<meta property=\"fb:admins\" content=\"334532790084532\" \/>\n\t\t<meta property=\"article:published_time\" content=\"2026-08-12T12:55:31+00:00\" \/>\n\t\t<meta property=\"article:modified_time\" content=\"2026-08-12T12:59:14+00:00\" \/>\n\t\t<meta property=\"article:publisher\" content=\"https:\/\/www.facebook.com\/enkaconstruction\/\" \/>\n\t\t<meta name=\"twitter:card\" content=\"summary_large_image\" \/>\n\t\t<meta name=\"twitter:site\" content=\"@ENKA_Cons\" \/>\n\t\t<meta name=\"twitter:title\" content=\"\u0130stanbul Tuzla Veri Merkezi Projesinin \u0130lerlemesi | ENKA \u0130n\u015faat ve Sanayi A.\u015e.\" \/>\n\t\t<script type=\"application\/ld+json\" class=\"aioseo-schema\">\n\t\t\t{\"@context\":\"https:\\\/\\\/schema.org\",\"@graph\":[{\"@type\":\"Article\",\"@id\":\"https:\\\/\\\/www.enka.com\\\/tr\\\/istanbul-tuzla-veri-merkezi-projesinin-ilerlemesi-2\\\/#article\",\"name\":\"\\u0130stanbul Tuzla Veri Merkezi Projesinin \\u0130lerlemesi | ENKA \\u0130n\\u015faat ve Sanayi A.\\u015e.\",\"headline\":\"\\u0130stanbul Tuzla Veri Merkezi Projesinin \\u0130lerlemesi\",\"author\":{\"@id\":\"https:\\\/\\\/www.enka.com\\\/tr\\\/author\\\/marina-suer\\\/#author\"},\"publisher\":{\"@id\":\"https:\\\/\\\/www.enka.com\\\/tr\\\/#organization\"},\"image\":{\"@type\":\"ImageObject\",\"url\":\"https:\\\/\\\/www.enka.com\\\/wp-content\\\/uploads\\\/2026\\\/08\\\/for_web-2.jpg\",\"width\":1024,\"height\":580},\"datePublished\":\"2026-08-12T15:55:31+03:00\",\"dateModified\":\"2026-08-12T15:59:14+03:00\",\"inLanguage\":\"tr-TR\",\"mainEntityOfPage\":{\"@id\":\"https:\\\/\\\/www.enka.com\\\/tr\\\/istanbul-tuzla-veri-merkezi-projesinin-ilerlemesi-2\\\/#webpage\"},\"isPartOf\":{\"@id\":\"https:\\\/\\\/www.enka.com\\\/tr\\\/istanbul-tuzla-veri-merkezi-projesinin-ilerlemesi-2\\\/#webpage\"},\"articleSection\":\"Data Centers, Optional\"},{\"@type\":\"BreadcrumbList\",\"@id\":\"https:\\\/\\\/www.enka.com\\\/tr\\\/istanbul-tuzla-veri-merkezi-projesinin-ilerlemesi-2\\\/#breadcrumblist\",\"itemListElement\":[{\"@type\":\"ListItem\",\"@id\":\"https:\\\/\\\/www.enka.com\\\/tr\\\/#listItem\",\"position\":1,\"name\":\"Home\",\"item\":\"https:\\\/\\\/www.enka.com\\\/tr\\\/\",\"nextItem\":{\"@type\":\"ListItem\",\"@id\":\"https:\\\/\\\/www.enka.com\\\/tr\\\/category\\\/data-centers\\\/#listItem\",\"name\":\"Data Centers\"}},{\"@type\":\"ListItem\",\"@id\":\"https:\\\/\\\/www.enka.com\\\/tr\\\/category\\\/data-centers\\\/#listItem\",\"position\":2,\"name\":\"Data Centers\",\"item\":\"https:\\\/\\\/www.enka.com\\\/tr\\\/category\\\/data-centers\\\/\",\"nextItem\":{\"@type\":\"ListItem\",\"@id\":\"https:\\\/\\\/www.enka.com\\\/tr\\\/istanbul-tuzla-veri-merkezi-projesinin-ilerlemesi-2\\\/#listItem\",\"name\":\"\\u0130stanbul Tuzla Veri Merkezi Projesinin \\u0130lerlemesi\"},\"previousItem\":{\"@type\":\"ListItem\",\"@id\":\"https:\\\/\\\/www.enka.com\\\/tr\\\/#listItem\",\"name\":\"Home\"}},{\"@type\":\"ListItem\",\"@id\":\"https:\\\/\\\/www.enka.com\\\/tr\\\/istanbul-tuzla-veri-merkezi-projesinin-ilerlemesi-2\\\/#listItem\",\"position\":3,\"name\":\"\\u0130stanbul Tuzla Veri Merkezi Projesinin \\u0130lerlemesi\",\"previousItem\":{\"@type\":\"ListItem\",\"@id\":\"https:\\\/\\\/www.enka.com\\\/tr\\\/category\\\/data-centers\\\/#listItem\",\"name\":\"Data Centers\"}}]},{\"@type\":\"Organization\",\"@id\":\"https:\\\/\\\/www.enka.com\\\/tr\\\/#organization\",\"name\":\"ENKA \\u0130n\\u015faat ve Sanayi A.\\u015e.\",\"description\":\"ENKA, T\\u00fcrkiye\\u2019nin en b\\u00fcy\\u00fck in\\u015faat \\u015firketi olmakla beraber, 1982 y\\u0131l\\u0131ndan bu yana ENR En \\u0130yi Uluslararas\\u0131 M\\u00fcteahhitler aras\\u0131nda yer almaktad\\u0131r.\",\"url\":\"https:\\\/\\\/www.enka.com\\\/tr\\\/\",\"telephone\":\"+902123761000\",\"logo\":{\"@type\":\"ImageObject\",\"url\":\"https:\\\/\\\/www.enka.com\\\/wp-content\\\/uploads\\\/2015\\\/07\\\/enka-icon-112x112-1.png\",\"@id\":\"https:\\\/\\\/www.enka.com\\\/tr\\\/istanbul-tuzla-veri-merkezi-projesinin-ilerlemesi-2\\\/#organizationLogo\",\"width\":112,\"height\":112},\"image\":{\"@id\":\"https:\\\/\\\/www.enka.com\\\/tr\\\/istanbul-tuzla-veri-merkezi-projesinin-ilerlemesi-2\\\/#organizationLogo\"},\"sameAs\":[\"https:\\\/\\\/www.instagram.com\\\/enka_insaat_official\\\/\",\"https:\\\/\\\/www.youtube.com\\\/channel\\\/UCtdqyCnE1uZiCkl3Luedj6Q\",\"https:\\\/\\\/www.linkedin.com\\\/company\\\/enka\"]},{\"@type\":\"Person\",\"@id\":\"https:\\\/\\\/www.enka.com\\\/tr\\\/author\\\/marina-suer\\\/#author\",\"url\":\"https:\\\/\\\/www.enka.com\\\/tr\\\/author\\\/marina-suer\\\/\",\"name\":\"Marina Suer\",\"image\":{\"@type\":\"ImageObject\",\"@id\":\"https:\\\/\\\/www.enka.com\\\/tr\\\/istanbul-tuzla-veri-merkezi-projesinin-ilerlemesi-2\\\/#authorImage\",\"url\":\"https:\\\/\\\/www.enka.com\\\/wp-content\\\/litespeed\\\/avatar\\\/50188eb6d3885a73938aa5e877d3ae80.jpg?ver=1787927266\",\"width\":96,\"height\":96,\"caption\":\"Marina Suer\"}},{\"@type\":\"WebPage\",\"@id\":\"https:\\\/\\\/www.enka.com\\\/tr\\\/istanbul-tuzla-veri-merkezi-projesinin-ilerlemesi-2\\\/#webpage\",\"url\":\"https:\\\/\\\/www.enka.com\\\/tr\\\/istanbul-tuzla-veri-merkezi-projesinin-ilerlemesi-2\\\/\",\"name\":\"\\u0130stanbul Tuzla Veri Merkezi Projesinin \\u0130lerlemesi | ENKA \\u0130n\\u015faat ve Sanayi A.\\u015e.\",\"inLanguage\":\"tr-TR\",\"isPartOf\":{\"@id\":\"https:\\\/\\\/www.enka.com\\\/tr\\\/#website\"},\"breadcrumb\":{\"@id\":\"https:\\\/\\\/www.enka.com\\\/tr\\\/istanbul-tuzla-veri-merkezi-projesinin-ilerlemesi-2\\\/#breadcrumblist\"},\"author\":{\"@id\":\"https:\\\/\\\/www.enka.com\\\/tr\\\/author\\\/marina-suer\\\/#author\"},\"creator\":{\"@id\":\"https:\\\/\\\/www.enka.com\\\/tr\\\/author\\\/marina-suer\\\/#author\"},\"image\":{\"@type\":\"ImageObject\",\"url\":\"https:\\\/\\\/www.enka.com\\\/wp-content\\\/uploads\\\/2026\\\/08\\\/for_web-2.jpg\",\"@id\":\"https:\\\/\\\/www.enka.com\\\/tr\\\/istanbul-tuzla-veri-merkezi-projesinin-ilerlemesi-2\\\/#mainImage\",\"width\":1024,\"height\":580},\"primaryImageOfPage\":{\"@id\":\"https:\\\/\\\/www.enka.com\\\/tr\\\/istanbul-tuzla-veri-merkezi-projesinin-ilerlemesi-2\\\/#mainImage\"},\"datePublished\":\"2026-08-12T15:55:31+03:00\",\"dateModified\":\"2026-08-12T15:59:14+03:00\"},{\"@type\":\"WebSite\",\"@id\":\"https:\\\/\\\/www.enka.com\\\/tr\\\/#website\",\"url\":\"https:\\\/\\\/www.enka.com\\\/tr\\\/\",\"name\":\"ENKA \\u0130n\\u015faat ve Sanayi A.\\u015e.\",\"description\":\"ENKA, T\\u00fcrkiye\\u2019nin en b\\u00fcy\\u00fck in\\u015faat \\u015firketi olmakla beraber, 1982 y\\u0131l\\u0131ndan bu yana ENR En \\u0130yi Uluslararas\\u0131 M\\u00fcteahhitler aras\\u0131nda yer almaktad\\u0131r.\",\"inLanguage\":\"tr-TR\",\"publisher\":{\"@id\":\"https:\\\/\\\/www.enka.com\\\/tr\\\/#organization\"}}]}\n\t\t<\/script>\n\t\t<!-- All in One SEO -->\n\n","aioseo_head_json":{"title":"\u0130stanbul Tuzla Veri Merkezi Projesinin \u0130lerlemesi | ENKA \u0130n\u015faat ve Sanayi A.\u015e.","description":"","canonical_url":"https:\/\/www.enka.com\/tr\/istanbul-tuzla-veri-merkezi-projesinin-ilerlemesi-2\/","robots":"max-image-preview:large","keywords":"","webmasterTools":{"google-site-verification":"UQ-k7hcOVZluZene7_iGgI7iewEm4fFqYkW4KY9-n28","p:domain_verify":"61890147e937e076e1c5dfdd6aeed81a","yandex-verification":"5d2561526cb84137","miscellaneous":"&lt;!-- Google tag (gtag.js) --&gt;\n&lt;script async src=\"https:\/\/www.googletagmanager.com\/gtag\/js?id=G-NQHTTC6MQB\"&gt;&lt;\/script&gt;\n&lt;script&gt;\n  window.dataLayer = window.dataLayer || [];\n  function gtag(){dataLayer.push(arguments);}\n  gtag('js', new Date());\n\n  gtag('config', 'G-NQHTTC6MQB');\n&lt;\/script&gt;"},"schema":{"@context":"https:\/\/schema.org","@graph":[{"@type":"Article","@id":"https:\/\/www.enka.com\/tr\/istanbul-tuzla-veri-merkezi-projesinin-ilerlemesi-2\/#article","name":"\u0130stanbul Tuzla Veri Merkezi Projesinin \u0130lerlemesi | ENKA \u0130n\u015faat ve Sanayi A.\u015e.","headline":"\u0130stanbul Tuzla Veri Merkezi Projesinin \u0130lerlemesi","author":{"@id":"https:\/\/www.enka.com\/tr\/author\/marina-suer\/#author"},"publisher":{"@id":"https:\/\/www.enka.com\/tr\/#organization"},"image":{"@type":"ImageObject","url":"https:\/\/www.enka.com\/wp-content\/uploads\/2026\/08\/for_web-2.jpg","width":1024,"height":580},"datePublished":"2026-08-12T15:55:31+03:00","dateModified":"2026-08-12T15:59:14+03:00","inLanguage":"tr-TR","mainEntityOfPage":{"@id":"https:\/\/www.enka.com\/tr\/istanbul-tuzla-veri-merkezi-projesinin-ilerlemesi-2\/#webpage"},"isPartOf":{"@id":"https:\/\/www.enka.com\/tr\/istanbul-tuzla-veri-merkezi-projesinin-ilerlemesi-2\/#webpage"},"articleSection":"Data Centers, Optional"},{"@type":"BreadcrumbList","@id":"https:\/\/www.enka.com\/tr\/istanbul-tuzla-veri-merkezi-projesinin-ilerlemesi-2\/#breadcrumblist","itemListElement":[{"@type":"ListItem","@id":"https:\/\/www.enka.com\/tr\/#listItem","position":1,"name":"Home","item":"https:\/\/www.enka.com\/tr\/","nextItem":{"@type":"ListItem","@id":"https:\/\/www.enka.com\/tr\/category\/data-centers\/#listItem","name":"Data Centers"}},{"@type":"ListItem","@id":"https:\/\/www.enka.com\/tr\/category\/data-centers\/#listItem","position":2,"name":"Data Centers","item":"https:\/\/www.enka.com\/tr\/category\/data-centers\/","nextItem":{"@type":"ListItem","@id":"https:\/\/www.enka.com\/tr\/istanbul-tuzla-veri-merkezi-projesinin-ilerlemesi-2\/#listItem","name":"\u0130stanbul Tuzla Veri Merkezi Projesinin \u0130lerlemesi"},"previousItem":{"@type":"ListItem","@id":"https:\/\/www.enka.com\/tr\/#listItem","name":"Home"}},{"@type":"ListItem","@id":"https:\/\/www.enka.com\/tr\/istanbul-tuzla-veri-merkezi-projesinin-ilerlemesi-2\/#listItem","position":3,"name":"\u0130stanbul Tuzla Veri Merkezi Projesinin \u0130lerlemesi","previousItem":{"@type":"ListItem","@id":"https:\/\/www.enka.com\/tr\/category\/data-centers\/#listItem","name":"Data Centers"}}]},{"@type":"Organization","@id":"https:\/\/www.enka.com\/tr\/#organization","name":"ENKA \u0130n\u015faat ve Sanayi A.\u015e.","description":"ENKA, T\u00fcrkiye\u2019nin en b\u00fcy\u00fck in\u015faat \u015firketi olmakla beraber, 1982 y\u0131l\u0131ndan bu yana ENR En \u0130yi Uluslararas\u0131 M\u00fcteahhitler aras\u0131nda yer almaktad\u0131r.","url":"https:\/\/www.enka.com\/tr\/","telephone":"+902123761000","logo":{"@type":"ImageObject","url":"https:\/\/www.enka.com\/wp-content\/uploads\/2015\/07\/enka-icon-112x112-1.png","@id":"https:\/\/www.enka.com\/tr\/istanbul-tuzla-veri-merkezi-projesinin-ilerlemesi-2\/#organizationLogo","width":112,"height":112},"image":{"@id":"https:\/\/www.enka.com\/tr\/istanbul-tuzla-veri-merkezi-projesinin-ilerlemesi-2\/#organizationLogo"},"sameAs":["https:\/\/www.instagram.com\/enka_insaat_official\/","https:\/\/www.youtube.com\/channel\/UCtdqyCnE1uZiCkl3Luedj6Q","https:\/\/www.linkedin.com\/company\/enka"]},{"@type":"Person","@id":"https:\/\/www.enka.com\/tr\/author\/marina-suer\/#author","url":"https:\/\/www.enka.com\/tr\/author\/marina-suer\/","name":"Marina Suer","image":{"@type":"ImageObject","@id":"https:\/\/www.enka.com\/tr\/istanbul-tuzla-veri-merkezi-projesinin-ilerlemesi-2\/#authorImage","url":"https:\/\/www.enka.com\/wp-content\/litespeed\/avatar\/50188eb6d3885a73938aa5e877d3ae80.jpg?ver=1787927266","width":96,"height":96,"caption":"Marina Suer"}},{"@type":"WebPage","@id":"https:\/\/www.enka.com\/tr\/istanbul-tuzla-veri-merkezi-projesinin-ilerlemesi-2\/#webpage","url":"https:\/\/www.enka.com\/tr\/istanbul-tuzla-veri-merkezi-projesinin-ilerlemesi-2\/","name":"\u0130stanbul Tuzla Veri Merkezi Projesinin \u0130lerlemesi | ENKA \u0130n\u015faat ve Sanayi A.\u015e.","inLanguage":"tr-TR","isPartOf":{"@id":"https:\/\/www.enka.com\/tr\/#website"},"breadcrumb":{"@id":"https:\/\/www.enka.com\/tr\/istanbul-tuzla-veri-merkezi-projesinin-ilerlemesi-2\/#breadcrumblist"},"author":{"@id":"https:\/\/www.enka.com\/tr\/author\/marina-suer\/#author"},"creator":{"@id":"https:\/\/www.enka.com\/tr\/author\/marina-suer\/#author"},"image":{"@type":"ImageObject","url":"https:\/\/www.enka.com\/wp-content\/uploads\/2026\/08\/for_web-2.jpg","@id":"https:\/\/www.enka.com\/tr\/istanbul-tuzla-veri-merkezi-projesinin-ilerlemesi-2\/#mainImage","width":1024,"height":580},"primaryImageOfPage":{"@id":"https:\/\/www.enka.com\/tr\/istanbul-tuzla-veri-merkezi-projesinin-ilerlemesi-2\/#mainImage"},"datePublished":"2026-08-12T15:55:31+03:00","dateModified":"2026-08-12T15:59:14+03:00"},{"@type":"WebSite","@id":"https:\/\/www.enka.com\/tr\/#website","url":"https:\/\/www.enka.com\/tr\/","name":"ENKA \u0130n\u015faat ve Sanayi A.\u015e.","description":"ENKA, T\u00fcrkiye\u2019nin en b\u00fcy\u00fck in\u015faat \u015firketi olmakla beraber, 1982 y\u0131l\u0131ndan bu yana ENR En \u0130yi Uluslararas\u0131 M\u00fcteahhitler aras\u0131nda yer almaktad\u0131r.","inLanguage":"tr-TR","publisher":{"@id":"https:\/\/www.enka.com\/tr\/#organization"}}]},"og:locale":"tr_TR","og:site_name":"ENKA \u0130n\u015faat ve Sanayi A.\u015e.","og:type":"article","og:title":"\u0130stanbul Tuzla Veri Merkezi Projesinin \u0130lerlemesi | ENKA \u0130n\u015faat ve Sanayi A.\u015e.","og:url":"https:\/\/www.enka.com\/tr\/istanbul-tuzla-veri-merkezi-projesinin-ilerlemesi-2\/","fb:admins":"334532790084532","article:published_time":"2026-08-12T12:55:31+00:00","article:modified_time":"2026-08-12T12:59:14+00:00","article:publisher":"https:\/\/www.facebook.com\/enkaconstruction\/","twitter:card":"summary_large_image","twitter:site":"@ENKA_Cons","twitter:title":"\u0130stanbul Tuzla Veri Merkezi Projesinin \u0130lerlemesi | ENKA \u0130n\u015faat ve Sanayi A.\u015e."},"aioseo_meta_data":{"post_id":"90182","title":null,"description":null,"keywords":null,"keyphrases":{"focus":[],"additional":[]},"primary_term":null,"canonical_url":null,"og_title":null,"og_description":null,"og_object_type":"default","og_image_type":"default","og_image_url":null,"og_image_width":null,"og_image_height":null,"og_image_custom_url":null,"og_image_custom_fields":null,"og_video":"","og_custom_url":null,"og_article_section":null,"og_article_tags":null,"twitter_use_og":false,"twitter_card":"default","twitter_image_type":"default","twitter_image_url":null,"twitter_image_custom_url":null,"twitter_image_custom_fields":null,"twitter_title":null,"twitter_description":null,"schema":{"blockGraphs":[],"customGraphs":[],"default":{"data":{"Article":[],"Course":[],"Dataset":[],"FAQPage":[],"Movie":[],"Person":[],"Product":[],"ProductReview":[],"Car":[],"Recipe":[],"Service":[],"SoftwareApplication":[],"WebPage":[]},"graphName":"Article","isEnabled":true},"graphs":[]},"schema_type":"default","schema_type_options":null,"pillar_content":false,"robots_default":true,"robots_noindex":false,"robots_noarchive":false,"robots_nosnippet":false,"robots_nofollow":false,"robots_noimageindex":false,"robots_noodp":false,"robots_notranslate":false,"robots_max_snippet":"-1","robots_max_videopreview":"-1","robots_max_imagepreview":"large","priority":null,"frequency":"default","local_seo":null,"breadcrumb_settings":null,"limit_modified_date":false,"open_ai":null,"created":"2026-08-12 12:56:10","updated":"2026-08-18 13:37:01","ai":{"faqs":[],"keyPoints":[],"schemas":[],"titles":[],"descriptions":[],"socialPosts":{"email":{"subject":"","preview":"","content":""},"linkedin":[],"twitter":[],"facebook":[],"instagram":[]}},"seo_analyzer_scan_date":null,"focus_keyword":null,"additional_keywords":null,"truseo_locale":null},"acf":[],"_links":{"self":[{"href":"https:\/\/www.enka.com\/tr\/wp-json\/wp\/v2\/posts\/90182","targetHints":{"allow":["GET"]}}],"collection":[{"href":"https:\/\/www.enka.com\/tr\/wp-json\/wp\/v2\/posts"}],"about":[{"href":"https:\/\/www.enka.com\/tr\/wp-json\/wp\/v2\/types\/post"}],"author":[{"embeddable":true,"href":"https:\/\/www.enka.com\/tr\/wp-json\/wp\/v2\/users\/26"}],"replies":[{"embeddable":true,"href":"https:\/\/www.enka.com\/tr\/wp-json\/wp\/v2\/comments?post=90182"}],"version-history":[{"count":2,"href":"https:\/\/www.enka.com\/tr\/wp-json\/wp\/v2\/posts\/90182\/revisions"}],"predecessor-version":[{"id":90185,"href":"https:\/\/www.enka.com\/tr\/wp-json\/wp\/v2\/posts\/90182\/revisions\/90185"}],"wp:featuredmedia":[{"embeddable":true,"href":"https:\/\/www.enka.com\/tr\/wp-json\/wp\/v2\/media\/90183"}],"wp:attachment":[{"href":"https:\/\/www.enka.com\/tr\/wp-json\/wp\/v2\/media?parent=90182"}],"wp:term":[{"taxonomy":"category","embeddable":true,"href":"https:\/\/www.enka.com\/tr\/wp-json\/wp\/v2\/categories?post=90182"},{"taxonomy":"post_tag","embeddable":true,"href":"https:\/\/www.enka.com\/tr\/wp-json\/wp\/v2\/tags?post=90182"}],"curies":[{"name":"wp","href":"https:\/\/api.w.org\/{rel}","templated":true}]}}